{"id":9536,"date":"2024-12-03T22:00:57","date_gmt":"2024-12-03T19:00:57","guid":{"rendered":"https:\/\/banulbotosanean.ro\/?p=9536"},"modified":"2024-12-04T00:00:08","modified_gmt":"2024-12-03T21:00:08","slug":"iftime-a-mers-la-ministrul-bolos-la-finante-pentru-a-discuta-problema-fabricilor-de-confectii-din-botosani","status":"publish","type":"post","link":"https:\/\/banulbotosanean.ro\/index.php\/2024\/12\/03\/iftime-a-mers-la-ministrul-bolos-la-finante-pentru-a-discuta-problema-fabricilor-de-confectii-din-botosani\/","title":{"rendered":"Iftime a mers la ministrul Bolo\u0219, la Finan\u021be, pentru a discuta problema fabricilor de confec\u021bii din Boto\u0219ani"},"content":{"rendered":"<p>Valeriu Iftime, pre\u0219edintele Consiliului Jude\u021bean Boto\u0219ani, a mers la Ministerul Finan\u021belor pentru cea mai mare problem\u0103 a jude\u021bului: \u00eenchiderea fabricilor de confec\u021bii.<\/p>\n<p><strong><em><b><i>\u201dAst\u0103zi am mers la Bucure\u0219ti pentru a discuta despre situa\u021bia complicat\u0103 \u00een care se afl\u0103 industria textil\u0103 din Boto\u0219ani \u0219i nu numai.Aceast\u0103 industrie este vital\u0103 \u00een acest moment pentru jude\u021bul nostru \u0219i acoper\u0103 o mare parte a locurilor de munc\u0103. \u00cei mul\u021bumesc domnului Marcel Bolo\u0219, Ministrul Finan\u021belor Publice, pentru \u00een\u021belegere, pentru c\u0103 l-am v\u0103zut implicat \u00een a g\u0103si solu\u021bii, astfel \u00eenc\u00e2t situa\u021bia fabricii Artsana s\u0103 r\u0103m\u00e2n\u0103 un caz izolat\u201d<\/i><\/b><\/em><\/strong>, a postat <strong><b>Valeriu Iftime<\/b><\/strong>\u00a0pe pagina sa de Facebook.<\/p>\n<p>Pre\u0219edintele CJ Boto\u0219ani a anun\u021bat c\u0103 ministrul Finan\u021belor va veni la Boto\u0219ani.<\/p>\n<p><strong><em><b><i>\u201dAvem \u00een lucru deja un pachet de m\u0103suri pentru salvarea industriei textile. Domnul ministru va veni la Boto\u0219ani pe data de 19 decembrie \u0219i vom face echip\u0103 cu to\u021bi cei care vor s\u0103 salveze aceast\u0103 industrie\u201d<\/i><\/b><\/em><\/strong>, a completat Iftime.<\/p>\n<p>&nbsp;<\/p>\n","protected":false},"excerpt":{"rendered":"<p>Valeriu Iftime, pre\u0219edintele Consiliului Jude\u021bean Boto\u0219ani, a mers la Ministerul Finan\u021belor pentru cea mai mare problem\u0103 a jude\u021bului: \u00eenchiderea fabricilor de confec\u021bii. \u201dAst\u0103zi am mers la Bucure\u0219ti pentru a discuta despre situa\u021bia complicat\u0103 \u00een care se afl\u0103 industria textil\u0103 din Boto\u0219ani \u0219i nu numai.Aceast\u0103 industrie este vital\u0103 \u00een acest moment pentru jude\u021bul nostru \u0219i acoper\u0103<\/p>\n","protected":false},"author":1,"featured_media":9537,"comment_status":"open","ping_status":"open","sticky":false,"template":"","format":"standard","meta":{"footnotes":""},"categories":[7,4,11],"tags":[1539,1540,1541],"class_list":["post-9536","post","type-post","status-publish","format-standard","has-post-thumbnail","category-economic","category-stiri-botosani","category-stiri-locale","tag-iftime-a-mers-la-ministrul-bolos","tag-la-finante","tag-pentru-a-discuta-problema-fabricilor-de-confectii-din-botosani"],"_links":{"self":[{"href":"https:\/\/banulbotosanean.ro\/index.php\/wp-json\/wp\/v2\/posts\/9536","targetHints":{"allow":["GET"]}}],"collection":[{"href":"https:\/\/banulbotosanean.ro\/index.php\/wp-json\/wp\/v2\/posts"}],"about":[{"href":"https:\/\/banulbotosanean.ro\/index.php\/wp-json\/wp\/v2\/types\/post"}],"author":[{"embeddable":true,"href":"https:\/\/banulbotosanean.ro\/index.php\/wp-json\/wp\/v2\/users\/1"}],"replies":[{"embeddable":true,"href":"https:\/\/banulbotosanean.ro\/index.php\/wp-json\/wp\/v2\/comments?post=9536"}],"version-history":[{"count":1,"href":"https:\/\/banulbotosanean.ro\/index.php\/wp-json\/wp\/v2\/posts\/9536\/revisions"}],"predecessor-version":[{"id":9538,"href":"https:\/\/banulbotosanean.ro\/index.php\/wp-json\/wp\/v2\/posts\/9536\/revisions\/9538"}],"wp:featuredmedia":[{"embeddable":true,"href":"https:\/\/banulbotosanean.ro\/index.php\/wp-json\/wp\/v2\/media\/9537"}],"wp:attachment":[{"href":"https:\/\/banulbotosanean.ro\/index.php\/wp-json\/wp\/v2\/media?parent=9536"}],"wp:term":[{"taxonomy":"category","embeddable":true,"href":"https:\/\/banulbotosanean.ro\/index.php\/wp-json\/wp\/v2\/categories?post=9536"},{"taxonomy":"post_tag","embeddable":true,"href":"https:\/\/banulbotosanean.ro\/index.php\/wp-json\/wp\/v2\/tags?post=9536"}],"curies":[{"name":"wp","href":"https:\/\/api.w.org\/{rel}","templated":true}]}}