{"id":6865,"date":"2024-09-26T11:02:33","date_gmt":"2024-09-26T08:02:33","guid":{"rendered":"https:\/\/banulbotosanean.ro\/?p=6865"},"modified":"2024-09-26T14:12:51","modified_gmt":"2024-09-26T11:12:51","slug":"video-drum-expres-pana-la-targu-frumos-si-cale-ferata-pana-la-harlau-prioritatile-lui-valeriu-iftime-pentru-botosani","status":"publish","type":"post","link":"https:\/\/banulbotosanean.ro\/index.php\/2024\/09\/26\/video-drum-expres-pana-la-targu-frumos-si-cale-ferata-pana-la-harlau-prioritatile-lui-valeriu-iftime-pentru-botosani\/","title":{"rendered":"VIDEO Drum expres p\u00e2n\u0103 la T\u00e2rgu Frumos \u0219i cale ferat\u0103 p\u00e2n\u0103 la H\u00e2rl\u0103u: priorit\u0103\u021bile lui Valeriu Iftime pentru Boto\u0219ani"},"content":{"rendered":"<p>Valeriu Iftime, omul de afaceri \u0219i pre\u0219edintele ales al Consiliului Jude\u021bean Boto\u0219ani, precum \u0219i pre\u0219edintele PNL Boto\u0219ani, a anun\u021bat cele dou\u0103 proiecte majore de infrastructur\u0103 care sunt esen\u021biale pentru jude\u021bul Boto\u0219ani. Aceste proiecte vizeaz\u0103 \u00eembun\u0103t\u0103\u021birea leg\u0103turilor rutiere \u0219i feroviare cu Ia\u0219i, un pas crucial pentru economia \u0219i viitorul regiunii, pentru transportul de m\u0103rfuri.<\/p>\n<p><script async src=\"https:\/\/pagead2.googlesyndication.com\/pagead\/js\/adsbygoogle.js?client=ca-pub-6537404086747425\" crossorigin=\"anonymous\"><\/script><br \/>\n<!-- iulie 2024 --><br \/>\n<ins class=\"adsbygoogle\" style=\"display: block;\" data-ad-client=\"ca-pub-6537404086747425\" data-ad-slot=\"3549167380\" data-ad-format=\"auto\" data-full-width-responsive=\"true\"><\/ins><br \/>\n<script>\n     (adsbygoogle = window.adsbygoogle || []).push({});\n<\/script><\/p>\n<p>Iftime a subliniat importan\u021ba unui drum expres Boto\u0219ani-T\u00e2rgu Frumos, care va conecta jude\u021bul la autostrada A8 \u0219i faptul c\u0103 acest proiect este deja trecut \u00een legisla\u021bia prioritar\u0103 de dezvoltare a infrastructurii \u00een Rom\u00e2nia.<strong><em><b><i>\u00a0\u201cEste un drum rapid trecut \u00een Lege. C\u00e2nd \u00eel putem face? Depinde cum ne mi\u0219c\u0103m. Dac\u0103 ne mi\u0219c\u0103m ca p\u00e2n\u0103 acum dureaz\u0103 30 de ani, dac\u0103 ne mi\u0219c\u0103m repede \u00een 5 ani po\u021bi s\u0103 \u00eel faci\u201d,<\/i><\/b><\/em><\/strong>\u00a0a declarat <strong><b>Iftime<\/b><\/strong>.<\/p>\n<p>De asemenea, el a men\u021bionat necesitatea unei c\u0103i ferate rapide care s\u0103 conecteze Boto\u0219aniul la Ia\u0219i. Proiectul include lucr\u0103ri deja \u00eencepute pe segmentul H\u00e2rl\u0103u-Fl\u0103m\u00e2nzi, dar lipse\u0219te un proiect pentru segmentul Fl\u0103m\u00e2nzi-Boto\u0219ani. <strong><em><b><i>\u201cDac\u0103 faci Fl\u0103m\u00e2nzi-Boto\u0219ani po\u021bi s\u0103 faci cale rapid\u0103 Boto\u0219ani-Ia\u0219i pe calea ferat\u0103\u201d<\/i><\/b><\/em><\/strong>, a explicat Iftime, ad\u0103ug\u00e2nd c\u0103 acest proiect va fi inclus \u00een programul de guvernare al PNL.<\/p>\n<p>Proiectul drumului expres este coordonat de senatorul PNL Boto\u0219ani, Cristian Achi\u021bei, \u00een timp ce pentru calea ferat\u0103 trebuie ref\u0103cu\u021bi indicatorii economici. Iftime a promis c\u0103 va lupta pentru realizarea acestor proiecte \u00een urm\u0103torii patru ani pentru Boto\u0219ani.<\/p>\n<p><iframe title=\"YouTube video player\" src=\"https:\/\/www.youtube.com\/embed\/zPXO3-hIlys?si=y5fZSgxewLH5h6fD\" width=\"560\" height=\"315\" frameborder=\"0\" allowfullscreen=\"allowfullscreen\"><\/iframe><\/p>\n<p><img fetchpriority=\"high\" decoding=\"async\" class=\"alignnone size-medium wp-image-6866\" src=\"https:\/\/banulbotosanean.ro\/wp-content\/uploads\/2024\/09\/valeriu-Iftime-Botosani-300x200.jpg\" alt=\"\" width=\"300\" height=\"200\" title=\"\" srcset=\"https:\/\/banulbotosanean.ro\/wp-content\/uploads\/2024\/09\/valeriu-Iftime-Botosani-300x200.jpg 300w, https:\/\/banulbotosanean.ro\/wp-content\/uploads\/2024\/09\/valeriu-Iftime-Botosani-1024x682.jpg 1024w, https:\/\/banulbotosanean.ro\/wp-content\/uploads\/2024\/09\/valeriu-Iftime-Botosani-768x511.jpg 768w, https:\/\/banulbotosanean.ro\/wp-content\/uploads\/2024\/09\/valeriu-Iftime-Botosani-1536x1022.jpg 1536w, https:\/\/banulbotosanean.ro\/wp-content\/uploads\/2024\/09\/valeriu-Iftime-Botosani-150x100.jpg 150w, https:\/\/banulbotosanean.ro\/wp-content\/uploads\/2024\/09\/valeriu-Iftime-Botosani-450x299.jpg 450w, https:\/\/banulbotosanean.ro\/wp-content\/uploads\/2024\/09\/valeriu-Iftime-Botosani-1200x799.jpg 1200w, https:\/\/banulbotosanean.ro\/wp-content\/uploads\/2024\/09\/valeriu-Iftime-Botosani.jpg 2048w\" sizes=\"(max-width: 300px) 100vw, 300px\" \/> <img decoding=\"async\" class=\"alignnone size-medium wp-image-6867\" src=\"https:\/\/banulbotosanean.ro\/wp-content\/uploads\/2024\/09\/harta-caleferata-botosani-iasi-300x200.png\" alt=\"\" width=\"300\" height=\"200\" title=\"\" srcset=\"https:\/\/banulbotosanean.ro\/wp-content\/uploads\/2024\/09\/harta-caleferata-botosani-iasi-300x200.png 300w, https:\/\/banulbotosanean.ro\/wp-content\/uploads\/2024\/09\/harta-caleferata-botosani-iasi-768x513.png 768w, https:\/\/banulbotosanean.ro\/wp-content\/uploads\/2024\/09\/harta-caleferata-botosani-iasi-150x100.png 150w, https:\/\/banulbotosanean.ro\/wp-content\/uploads\/2024\/09\/harta-caleferata-botosani-iasi-450x300.png 450w, https:\/\/banulbotosanean.ro\/wp-content\/uploads\/2024\/09\/harta-caleferata-botosani-iasi.png 914w\" sizes=\"(max-width: 300px) 100vw, 300px\" \/><\/p>\n","protected":false},"excerpt":{"rendered":"<p>Valeriu Iftime, omul de afaceri \u0219i pre\u0219edintele ales al Consiliului Jude\u021bean Boto\u0219ani, precum \u0219i pre\u0219edintele PNL Boto\u0219ani, a anun\u021bat cele dou\u0103 proiecte majore de infrastructur\u0103 care sunt esen\u021biale pentru jude\u021bul Boto\u0219ani. Aceste proiecte vizeaz\u0103 \u00eembun\u0103t\u0103\u021birea leg\u0103turilor rutiere \u0219i feroviare cu Ia\u0219i, un pas crucial pentru economia \u0219i viitorul regiunii, pentru transportul de m\u0103rfuri. Iftime a<\/p>\n","protected":false},"author":1,"featured_media":6866,"comment_status":"open","ping_status":"open","sticky":false,"template":"","format":"standard","meta":{"footnotes":""},"categories":[7,10,4],"tags":[663],"class_list":["post-6865","post","type-post","status-publish","format-standard","has-post-thumbnail","category-economic","category-administratie","category-stiri-botosani","tag-video-drum-expres-pana-la-targu-frumos-si-cale-ferata-pana-la-harlau-prioritatile-lui-valeriu-iftime-pentru-botosani"],"_links":{"self":[{"href":"https:\/\/banulbotosanean.ro\/index.php\/wp-json\/wp\/v2\/posts\/6865","targetHints":{"allow":["GET"]}}],"collection":[{"href":"https:\/\/banulbotosanean.ro\/index.php\/wp-json\/wp\/v2\/posts"}],"about":[{"href":"https:\/\/banulbotosanean.ro\/index.php\/wp-json\/wp\/v2\/types\/post"}],"author":[{"embeddable":true,"href":"https:\/\/banulbotosanean.ro\/index.php\/wp-json\/wp\/v2\/users\/1"}],"replies":[{"embeddable":true,"href":"https:\/\/banulbotosanean.ro\/index.php\/wp-json\/wp\/v2\/comments?post=6865"}],"version-history":[{"count":1,"href":"https:\/\/banulbotosanean.ro\/index.php\/wp-json\/wp\/v2\/posts\/6865\/revisions"}],"predecessor-version":[{"id":6868,"href":"https:\/\/banulbotosanean.ro\/index.php\/wp-json\/wp\/v2\/posts\/6865\/revisions\/6868"}],"wp:featuredmedia":[{"embeddable":true,"href":"https:\/\/banulbotosanean.ro\/index.php\/wp-json\/wp\/v2\/media\/6866"}],"wp:attachment":[{"href":"https:\/\/banulbotosanean.ro\/index.php\/wp-json\/wp\/v2\/media?parent=6865"}],"wp:term":[{"taxonomy":"category","embeddable":true,"href":"https:\/\/banulbotosanean.ro\/index.php\/wp-json\/wp\/v2\/categories?post=6865"},{"taxonomy":"post_tag","embeddable":true,"href":"https:\/\/banulbotosanean.ro\/index.php\/wp-json\/wp\/v2\/tags?post=6865"}],"curies":[{"name":"wp","href":"https:\/\/api.w.org\/{rel}","templated":true}]}}