{"id":5446,"date":"2024-08-01T15:25:29","date_gmt":"2024-08-01T12:25:29","guid":{"rendered":"https:\/\/banulbotosanean.ro\/?p=5446"},"modified":"2024-08-01T15:25:29","modified_gmt":"2024-08-01T12:25:29","slug":"expozitia-personala-angelin-stanciu-reflexii-antice-la-colectia-de-arta","status":"publish","type":"post","link":"https:\/\/banulbotosanean.ro\/index.php\/2024\/08\/01\/expozitia-personala-angelin-stanciu-reflexii-antice-la-colectia-de-arta\/","title":{"rendered":"Expozi\u021bia personal\u0103\u00a0Angelin Stanciu,\u00a0\u201eReflexii antice\u201d\u00a0la Colec\u021bia de Art\u0103"},"content":{"rendered":"<p>Muzeul Jude\u021bean Boto\u0219ani g\u0103zduie\u0219te, \u00een perioada 1-16 august 2024, \u00een spa\u021biul Colec\u021biei de Art\u0103, expozi\u021bia personal\u0103 \u201eReflexii antice\u201d,\u00a0un proiect artistic ce cuprinde lucr\u0103ri de pictur\u0103, grafic\u0103 \u0219i sculptur\u0103 semnate de artistul Angelin Stanciu.<\/p>\n<p><script async src=\"https:\/\/pagead2.googlesyndication.com\/pagead\/js\/adsbygoogle.js?client=ca-pub-6537404086747425\" crossorigin=\"anonymous\"><\/script><br \/>\n<!-- iulie 2024 --><br \/>\n<ins class=\"adsbygoogle\" style=\"display: block;\" data-ad-client=\"ca-pub-6537404086747425\" data-ad-slot=\"3549167380\" data-ad-format=\"auto\" data-full-width-responsive=\"true\"><\/ins><br \/>\n<script>\n     (adsbygoogle = window.adsbygoogle || []).push({});\n<\/script><\/p>\n<p>N\u0103scut \u00een\u00a01981 la Br\u0103ila, artistul locuie\u0219te \u0219i \u00ee\u0219i desf\u0103\u0219oar\u0103 activitatea \u00een ora\u0219ul natal. \u00cen prezent este masterand la Facultatea de Arte din cadrul Universit\u0103\u021bii \u201eDun\u0103rea de Jos\u201d din\u00a0Gala\u021bi, specializarea Pictur\u0103. Activitatea sa artistic\u0103 este reprezentat\u0103 de lucr\u0103ri realizate \u00een tehnici precum: desen, pictur\u0103, instala\u021bii, sculptur\u0103 \u0219i doze din aluminiu. A expus \u00een muzee \u0219i galerii din \u021bar\u0103 \u0219i de peste hotare.<\/p>\n<p>\u00cencep\u00e2nd din 2017, a participat la expozi\u021bii de grup:\u00a0\u201eStudio Master I\u201d, Nicolae Mantu, Gala\u021bi, instala\u021bie-sculptur\u0103\u00a0\u0219i ,,Experiment Master I\u201d, Centrul Cultural \u201eNica Petre\u201d, Br\u0103ila, pictur\u0103 (2024); Concursul Na\u021bional de Pictur\u0103 \u0219i Grafic\u0103 \u201eVespasian Lungu\u201d, Br\u0103ila, pictur\u0103 (2023); ,,Ziua Unirii Principatelor Rom\u00e2ne\u201d, Societatea Cultural\u0103 \u201eApollon\u201d, Artoteca Bibliotecii Metropolitane Bucure\u0219ti, pictur\u0103 (2020); \u201eF\u0103r\u0103 frontiere\u201d, Art Gallery Balchik, Bulgaria, pictur\u0103 (2019); \u201eDulcele t\u0103r\u00e2m al t\u0103cerii\u201d, Galeria Atelier ART C14, Bistri\u021ba, pictur\u0103 (2018); \u201eRegal de patriotism rom\u00e2nesc\u201d, Centrul Cultural \u201eAlexandru Marghiloman\u201d, Buz\u0103u, pictur\u0103 (2017).<\/p>\n<p>Are lucr\u0103ri \u00een colec\u021bii particulare din Rom\u00e2nia \u0219i str\u0103in\u0103tate (Anglia, Belgia, Spania, Germania, Italia, Polonia). La Boto\u0219ani, artistul a fost prezent prin lucr\u0103rile de pictur\u0103 expuse la Salonul Na\u021bional de Arte Vizuale \u201eInterferen\u021be\u201d, edi\u021biile\u00a02017 \u0219i 2021, organizate\u00a0la Galeriile de Art\u0103 \u201e\u0218tefan Luchian\u201d.<\/p>\n<p>Vernisajul expozi\u021biei\u00a0va avea loc s\u00e2mb\u0103t\u0103, 3 august 2024, ora 11.00. Curator: Liviu \u0218optelea. Prezint\u0103: Ana Co\u0219ereanu.<\/p>\n<p>&nbsp;<\/p>\n","protected":false},"excerpt":{"rendered":"<p>Muzeul Jude\u021bean Boto\u0219ani g\u0103zduie\u0219te, \u00een perioada 1-16 august 2024, \u00een spa\u021biul Colec\u021biei de Art\u0103, expozi\u021bia personal\u0103 \u201eReflexii antice\u201d,\u00a0un proiect artistic ce cuprinde lucr\u0103ri de pictur\u0103, grafic\u0103 \u0219i sculptur\u0103 semnate de artistul Angelin Stanciu. N\u0103scut \u00een\u00a01981 la Br\u0103ila, artistul locuie\u0219te \u0219i \u00ee\u0219i desf\u0103\u0219oar\u0103 activitatea \u00een ora\u0219ul natal. \u00cen prezent este masterand la Facultatea de Arte din<\/p>\n","protected":false},"author":1,"featured_media":5447,"comment_status":"open","ping_status":"open","sticky":false,"template":"","format":"standard","meta":{"footnotes":""},"categories":[6,4,11,9,12],"tags":[157,156],"class_list":["post-5446","post","type-post","status-publish","format-standard","has-post-thumbnail","category-visit-botosani","category-stiri-botosani","category-stiri-locale","category-cele-mai-top-stiri","category-trending-news","tag-reflexii-antice-la-colectia-de-arta","tag-expozitia-personala-angelin-stanciu"],"_links":{"self":[{"href":"https:\/\/banulbotosanean.ro\/index.php\/wp-json\/wp\/v2\/posts\/5446","targetHints":{"allow":["GET"]}}],"collection":[{"href":"https:\/\/banulbotosanean.ro\/index.php\/wp-json\/wp\/v2\/posts"}],"about":[{"href":"https:\/\/banulbotosanean.ro\/index.php\/wp-json\/wp\/v2\/types\/post"}],"author":[{"embeddable":true,"href":"https:\/\/banulbotosanean.ro\/index.php\/wp-json\/wp\/v2\/users\/1"}],"replies":[{"embeddable":true,"href":"https:\/\/banulbotosanean.ro\/index.php\/wp-json\/wp\/v2\/comments?post=5446"}],"version-history":[{"count":1,"href":"https:\/\/banulbotosanean.ro\/index.php\/wp-json\/wp\/v2\/posts\/5446\/revisions"}],"predecessor-version":[{"id":5448,"href":"https:\/\/banulbotosanean.ro\/index.php\/wp-json\/wp\/v2\/posts\/5446\/revisions\/5448"}],"wp:featuredmedia":[{"embeddable":true,"href":"https:\/\/banulbotosanean.ro\/index.php\/wp-json\/wp\/v2\/media\/5447"}],"wp:attachment":[{"href":"https:\/\/banulbotosanean.ro\/index.php\/wp-json\/wp\/v2\/media?parent=5446"}],"wp:term":[{"taxonomy":"category","embeddable":true,"href":"https:\/\/banulbotosanean.ro\/index.php\/wp-json\/wp\/v2\/categories?post=5446"},{"taxonomy":"post_tag","embeddable":true,"href":"https:\/\/banulbotosanean.ro\/index.php\/wp-json\/wp\/v2\/tags?post=5446"}],"curies":[{"name":"wp","href":"https:\/\/api.w.org\/{rel}","templated":true}]}}