{"id":21589,"date":"2026-09-06T08:07:41","date_gmt":"2026-09-06T06:07:41","guid":{"rendered":"https:\/\/banulbotosanean.ro\/?p=21589"},"modified":"2026-09-06T08:11:14","modified_gmt":"2026-09-06T06:11:14","slug":"comuna-copalau-isi-construieste-o-cresa-cu-785-milioane-de-lei-fonduri-europene","status":"publish","type":"post","link":"https:\/\/banulbotosanean.ro\/index.php\/2026\/09\/06\/comuna-copalau-isi-construieste-o-cresa-cu-785-milioane-de-lei-fonduri-europene\/","title":{"rendered":"Comuna Cop\u0103l\u0103u \u00ee\u0219i construie\u0219te o cre\u0219\u0103 cu 7,85 milioane de lei fonduri europene"},"content":{"rendered":"<h1><span class=\"\">Cre\u0219\u0103 modern\u0103 pentru Cop\u0103l\u0103u. Licita\u021bia pentru construc\u021bia unit\u0103\u021bii de \u00eenv\u0103\u021b\u0103m\u00e2nt, \u00een valoare de 6,2 milioane de lei, pe 21 septembrie<\/span><\/h1>\n<p class=\"ds-markdown-paragraph\"><strong><span class=\"\">Prim\u0103ria comunei Cop\u0103l\u0103u organizeaz\u0103 pe 21 septembrie 2026 licita\u021bia pentru construirea unei cre\u0219e moderne, o investi\u021bie de 6,25 milioane de lei (f\u0103r\u0103 TVA), finan\u021bat\u0103 prin Programul Regional Nord-Est 2021\u20132027. Proiectul, cu o valoare total\u0103 de aproape 7,85 milioane de lei, va oferi cel pu\u021bin 50 de locuri pentru copiii din comun\u0103\u00a0<\/span><span class=\"\">.<\/span><\/strong><\/p>\n<p class=\"ds-markdown-paragraph\"><span class=\"\">Administra\u021bia local\u0103 din Cop\u0103l\u0103u face un pas important \u00een dezvoltarea infrastructurii educa\u021bionale, odat\u0103 cu lansarea procedurii de achizi\u021bie pentru execu\u021bia lucr\u0103rilor la noua cre\u0219\u0103. Contractul de finan\u021bare a fost semnat la 3 martie 2026 cu Agen\u021bia pentru Dezvoltare Regional\u0103 Nord-Est, iar proiectul are codul SMIS 348674 <\/span><span class=\"\">.<\/span><\/p>\n<p class=\"ds-markdown-paragraph\"><span class=\"\">Valoarea estimat\u0103 a contractului de execu\u021bie lucr\u0103ri este de\u00a0<\/span><strong><span class=\"\">6.254.883,49 lei f\u0103r\u0103 TVA<\/span><\/strong><span class=\"\">, defalcat\u0103 astfel:<\/span><\/p>\n<div class=\"ds-scroll-area ds-scroll-area--show-on-focus-within ds-scroll-area--enabled _1210dd7 c03cafe9\">\n<table>\n<thead>\n<tr>\n<th><span class=\"\">Capitol bugetar<\/span><\/th>\n<th><span class=\"\">Valoare (f\u0103r\u0103 TVA)<\/span><\/th>\n<\/tr>\n<\/thead>\n<tbody>\n<tr>\n<td><span class=\"\">Cap. 1 \u2013 Cheltuieli pentru ob\u021binerea \u0219i amenajarea terenului<\/span><\/td>\n<td><span class=\"\">145.958,20 lei<\/span><\/td>\n<\/tr>\n<tr>\n<td><span class=\"\">Cap. 2 \u2013 Cheltuieli pentru asigurarea utilit\u0103\u021bilor necesare<\/span><\/td>\n<td><span class=\"\">120.683,36 lei<\/span><\/td>\n<\/tr>\n<tr>\n<td><span class=\"\">Cap. 4.1 \u2013 Construc\u021bii \u0219i instala\u021bii<\/span><\/td>\n<td><span class=\"\">5.254.966,87 lei<\/span><\/td>\n<\/tr>\n<tr>\n<td><span class=\"\">Cap. 4.2 \u2013 Montaj utilaj tehnologic<\/span><\/td>\n<td><span class=\"\">81.325,85 lei<\/span><\/td>\n<\/tr>\n<tr>\n<td><span class=\"\">Cap. 4.3 \u2013 Lista echipamente \u2013 Achizi\u021bionare de c\u0103tre beneficiar<\/span><\/td>\n<td><span class=\"\">646.908,90 lei<\/span><\/td>\n<\/tr>\n<tr>\n<td><span class=\"\">Cap. 5.1 \u2013 Organizare de \u0219antier<\/span><\/td>\n<td><span class=\"\">5.040,31 lei<\/span><\/td>\n<\/tr>\n<\/tbody>\n<\/table>\n<\/div>\n<h2><span class=\"\">Finan\u021bare european\u0103 pentru educa\u021bie timpurie<\/span><\/h2>\n<p class=\"ds-markdown-paragraph\"><span class=\"\">Investi\u021bia total\u0103 a proiectului se ridic\u0103 la\u00a0<\/span><strong><span class=\"\">7.849.978,13 lei<\/span><\/strong><span class=\"\">\u00a0<\/span><span class=\"\">. Finan\u021barea este asigurat\u0103 din mai multe surse:<\/span><\/p>\n<ul>\n<li>\n<p class=\"ds-markdown-paragraph\"><strong><span class=\"\">Fondul European de Dezvoltare Regional\u0103 (FEDR)<\/span><\/strong><span class=\"\">: 4.799.346,64 lei<\/span><\/p>\n<\/li>\n<li>\n<p class=\"ds-markdown-paragraph\"><strong><span class=\"\">Cofinan\u021bare de la Bugetul de stat<\/span><\/strong><span class=\"\">: 2.436.591,36 lei<\/span><\/p>\n<\/li>\n<li>\n<p class=\"ds-markdown-paragraph\"><strong><span class=\"\">Contribu\u021bia beneficiarului (Prim\u0103ria Cop\u0103l\u0103u)<\/span><\/strong><span class=\"\">: 614.040,13 lei\u00a0<\/span><\/p>\n<\/li>\n<\/ul>\n<p class=\"ds-markdown-paragraph\"><span class=\"\">Proiectul se \u00eenscrie \u00een Prioritatea\u00a0<\/span><strong><span class=\"skip-quote-patch\">\u201eO regiune educat\u0103\u201d<\/span><\/strong><span class=\"\">\u00a0din cadrul Programului Regional Nord-Est 2021\u20132027 \u0219i are ca obiectiv \u00eembun\u0103t\u0103\u021birea accesului la servicii de educa\u021bie \u0219i \u00eengrijire timpurie de calitate\u00a0<\/span><span class=\"\">. Termenul de finalizare este 31 decembrie 2027\u00a0<\/span><span class=\"\">.<\/span><\/p>\n<h2><span class=\"\">Capacitate de 50 de locuri \u0219i servicii complete<\/span><\/h2>\n<p class=\"ds-markdown-paragraph\"><span class=\"\">Noua cre\u0219\u0103 va avea o capacitate de cel pu\u021bin\u00a0<\/span><strong><span class=\"\">50 de locuri<\/span><\/strong><span class=\"\">\u00a0pentru copiii cu v\u00e2rste cuprinse \u00eentre 3 luni \u0219i 3 ani\u00a0<\/span><span class=\"\">. Unitatea va func\u021biona zilnic \u00eentre 08:00 \u2013 16:00 \u0219i va oferi servicii complete de \u00eengrijire, educa\u021bie timpurie \u0219i sprijin pentru p\u0103rin\u021bii care lucreaz\u0103\u00a0<\/span><span class=\"\">.<\/span><\/p>\n<p class=\"ds-markdown-paragraph\"><span class=\"\">Infrastructura va fi accesibilizat\u0103 \u0219i adaptat\u0103 pentru copiii cu cerin\u021be speciale, iar unitatea va beneficia de echipamente moderne, inclusiv tehnologii digitale care vor contribui la dezvoltarea sistemului educa\u021bional local \u0219i la \u00eembun\u0103t\u0103\u021birea comunic\u0103rii dintre personal \u0219i p\u0103rin\u021bi\u00a0<\/span><span class=\"\">.<\/span><\/p>\n<p class=\"ds-markdown-paragraph\">\n","protected":false},"excerpt":{"rendered":"<p>Cre\u0219\u0103 modern\u0103 pentru Cop\u0103l\u0103u. Licita\u021bia pentru construc\u021bia unit\u0103\u021bii de \u00eenv\u0103\u021b\u0103m\u00e2nt, \u00een valoare de 6,2 milioane de lei, pe 21 septembrie Prim\u0103ria comunei Cop\u0103l\u0103u organizeaz\u0103 pe 21 septembrie 2026 licita\u021bia pentru construirea unei cre\u0219e moderne, o investi\u021bie de 6,25 milioane de lei (f\u0103r\u0103 TVA), finan\u021bat\u0103 prin Programul Regional Nord-Est 2021\u20132027. Proiectul, cu o valoare total\u0103 de<\/p>\n","protected":false},"author":1,"featured_media":21593,"comment_status":"open","ping_status":"open","sticky":false,"template":"","format":"standard","meta":{"footnotes":""},"categories":[10,4,11],"tags":[12458,12456,12452,12453,12454,12459,11644,362,12457,4458,7964,6372,12455],"class_list":["post-21589","post","type-post","status-publish","format-standard","has-post-thumbnail","category-administratie","category-stiri-botosani","category-stiri-locale","tag-50-de-locuri","tag-ciprian-ivanov","tag-constructii","tag-copalau","tag-cresa","tag-cresa-copalau","tag-educatie-timpurie","tag-fonduri-europene","tag-infrastructura-educationala","tag-investitii-botosani","tag-licitatie","tag-programul-regional-nord-est","tag-smis-348674"],"_links":{"self":[{"href":"https:\/\/banulbotosanean.ro\/index.php\/wp-json\/wp\/v2\/posts\/21589","targetHints":{"allow":["GET"]}}],"collection":[{"href":"https:\/\/banulbotosanean.ro\/index.php\/wp-json\/wp\/v2\/posts"}],"about":[{"href":"https:\/\/banulbotosanean.ro\/index.php\/wp-json\/wp\/v2\/types\/post"}],"author":[{"embeddable":true,"href":"https:\/\/banulbotosanean.ro\/index.php\/wp-json\/wp\/v2\/users\/1"}],"replies":[{"embeddable":true,"href":"https:\/\/banulbotosanean.ro\/index.php\/wp-json\/wp\/v2\/comments?post=21589"}],"version-history":[{"count":2,"href":"https:\/\/banulbotosanean.ro\/index.php\/wp-json\/wp\/v2\/posts\/21589\/revisions"}],"predecessor-version":[{"id":21592,"href":"https:\/\/banulbotosanean.ro\/index.php\/wp-json\/wp\/v2\/posts\/21589\/revisions\/21592"}],"wp:featuredmedia":[{"embeddable":true,"href":"https:\/\/banulbotosanean.ro\/index.php\/wp-json\/wp\/v2\/media\/21593"}],"wp:attachment":[{"href":"https:\/\/banulbotosanean.ro\/index.php\/wp-json\/wp\/v2\/media?parent=21589"}],"wp:term":[{"taxonomy":"category","embeddable":true,"href":"https:\/\/banulbotosanean.ro\/index.php\/wp-json\/wp\/v2\/categories?post=21589"},{"taxonomy":"post_tag","embeddable":true,"href":"https:\/\/banulbotosanean.ro\/index.php\/wp-json\/wp\/v2\/tags?post=21589"}],"curies":[{"name":"wp","href":"https:\/\/api.w.org\/{rel}","templated":true}]}}