{"id":21560,"date":"2026-09-04T12:09:11","date_gmt":"2026-09-04T10:09:11","guid":{"rendered":"https:\/\/banulbotosanean.ro\/?p=21560"},"modified":"2026-09-04T12:09:11","modified_gmt":"2026-09-04T10:09:11","slug":"ariadna-cirligeanu-despre-demisia-lui-silegeanu-a-fost-o-neintelegere-am-convingerea-ca-va-reveni-asupra-deciziei","status":"publish","type":"post","link":"https:\/\/banulbotosanean.ro\/index.php\/2026\/09\/04\/ariadna-cirligeanu-despre-demisia-lui-silegeanu-a-fost-o-neintelegere-am-convingerea-ca-va-reveni-asupra-deciziei\/","title":{"rendered":"Ariadna C\u00eerligeanu, despre demisia lui Silegeanu: \u201eA fost o ne\u00een\u021belegere. Am convingerea c\u0103 va reveni asupra deciziei\u201d"},"content":{"rendered":"<h1><span class=\"skip-quote-patch\">Ariadna C\u00eerligeanu, despre demisia lui C\u0103t\u0103lin Silegeanu din AUR Boto\u0219ani: \u201eA fost o ne\u00een\u021belegere \u0219i am convingerea c\u0103 domnul senator va reveni asupra deciziei\u201d<\/span><\/h1>\n<p class=\"ds-markdown-paragraph\"><strong><span class=\"\">Coordonatoarea AUR Boto\u0219ani, deputatul Ariadna C\u00eerligeanu, a reac\u021bionat \u00een premier\u0103 dup\u0103 demisia senatorului C\u0103t\u0103lin Silegeanu din func\u021biile de conducere ale partidului la nivel local. Cea mai t\u00e2n\u0103r\u0103 parlamentar\u0103 a Rom\u00e2niei consider\u0103 c\u0103 gestul senatorului este rezultatul unei ne\u00een\u021belegeri \u0219i \u00ee\u0219i exprim\u0103 \u00eencrederea c\u0103 acesta \u00ee\u0219i va reveni asupra deciziei.<\/span><\/strong><\/p>\n<p class=\"ds-markdown-paragraph\"><span class=\"\">\u00cen contextul tensiunilor din interiorul filialei AUR Boto\u0219ani, declan\u0219ate dup\u0103 numirea deputatului sucevean Petru Negrea ca coordonator regional pentru Nord-Est, deputatul Ariadna C\u00eerligeanu a transmis un mesaj de calm \u0219i reconciliere.<\/span><\/p>\n<blockquote>\n<p class=\"ds-markdown-paragraph\"><em><span class=\"skip-quote-patch\">\u201eA fost o ne\u00een\u021belegere \u0219i am convingerea c\u0103 domnul senator va reveni asupra deciziei dumnealui\u201d,<\/span><\/em><span class=\"\">\u00a0a declarat C\u00eerligeanu pentru\u00a0<\/span><a href=\"https:\/\/banulbotosanean.ro\/\" target=\"_blank\" rel=\"noopener noreferrer\"><span class=\"\">BanulBotosanean.ro<\/span><\/a><span class=\"\">.<\/span><\/p>\n<\/blockquote>\n<p class=\"ds-markdown-paragraph\"><span class=\"\">Declara\u021bia vine la scurt timp dup\u0103 ce C\u0103t\u0103lin Silegeanu a anun\u021bat public c\u0103 demisioneaz\u0103 din func\u021biile de prim-vicepre\u0219edinte AUR Boto\u0219ani \u0219i pre\u0219edinte pe municipiu, nemul\u021bumit de desemnarea unui coordonator din afara jude\u021bului pentru organiza\u021bia boto\u0219\u0103nean\u0103.<\/span><\/p>\n<h2><span class=\"\">O \u00eencercare de detensionare<\/span><\/h2>\n<p class=\"ds-markdown-paragraph\"><span class=\"\">Mesajul Ariadnei C\u00eerligeanu este unul de detensionare, \u00een \u00eencercarea de a calma spiritele \u00eentr-un moment \u00een care filiala AUR Boto\u0219ani este scindat\u0103 de o criz\u0103 intern\u0103 f\u0103r\u0103 precedent de la \u00eenfiin\u021barea partidului \u00een jude\u021b.<\/span><\/p>\n<p class=\"ds-markdown-paragraph\"><span class=\"\">Prin aceast\u0103 reac\u021bie, coordonatoarea filialei \u00eencearc\u0103 s\u0103 ofere o solu\u021bie de ie\u0219ire din impas, suger\u00e2nd c\u0103 demisia lui Silegeanu nu este una definitiv\u0103 \u0219i c\u0103 exist\u0103 \u00eenc\u0103 posibilitatea revenirii acestuia \u00een func\u021biile de conducere.<\/span><\/p>\n<p class=\"ds-markdown-paragraph\"><span class=\"\">C\u00eerligeanu, care este al\u0103turi de George Simion \u00eenc\u0103 din perioada ONG-ist\u0103, \u00eenainte de \u00eenfiin\u021barea AUR, are acum misiunea de a men\u021bine unitatea \u00eentr-o organiza\u021bie care a pierdut un lider important.<\/span><\/p>\n<p class=\"ds-markdown-paragraph\"><span class=\"\">R\u0103m\u00e2ne de v\u0103zut dac\u0103 apelul s\u0103u va fi ascultat de C\u0103t\u0103lin Silegeanu sau dac\u0103 acesta \u00ee\u0219i va men\u021bine decizia de a p\u0103r\u0103si func\u021biile de conducere.<\/span><\/p>\n","protected":false},"excerpt":{"rendered":"<p>Ariadna C\u00eerligeanu, despre demisia lui C\u0103t\u0103lin Silegeanu din AUR Boto\u0219ani: \u201eA fost o ne\u00een\u021belegere \u0219i am convingerea c\u0103 domnul senator va reveni asupra deciziei\u201d Coordonatoarea AUR Boto\u0219ani, deputatul Ariadna C\u00eerligeanu, a reac\u021bionat \u00een premier\u0103 dup\u0103 demisia senatorului C\u0103t\u0103lin Silegeanu din func\u021biile de conducere ale partidului la nivel local. Cea mai t\u00e2n\u0103r\u0103 parlamentar\u0103 a Rom\u00e2niei consider\u0103<\/p>\n","protected":false},"author":1,"featured_media":5523,"comment_status":"open","ping_status":"open","sticky":false,"template":"","format":"standard","meta":{"footnotes":""},"categories":[4,3],"tags":[12399,184,1103,12417,12412,12415,12418,9423,12416,12400,4278,4637],"class_list":["post-21560","post","type-post","status-publish","format-standard","has-post-thumbnail","category-stiri-botosani","category-politica","tag-ariadna-cirligeanu","tag-aur-botosani","tag-catalin-silegeanu","tag-coordonator-aur-botosani","tag-criza-aur","tag-demisie-aur","tag-deputat-aur-botosani","tag-george-simion","tag-neintelegere-aur","tag-petru-negrea","tag-politica-botosani","tag-senator-aur-botosani"],"_links":{"self":[{"href":"https:\/\/banulbotosanean.ro\/index.php\/wp-json\/wp\/v2\/posts\/21560","targetHints":{"allow":["GET"]}}],"collection":[{"href":"https:\/\/banulbotosanean.ro\/index.php\/wp-json\/wp\/v2\/posts"}],"about":[{"href":"https:\/\/banulbotosanean.ro\/index.php\/wp-json\/wp\/v2\/types\/post"}],"author":[{"embeddable":true,"href":"https:\/\/banulbotosanean.ro\/index.php\/wp-json\/wp\/v2\/users\/1"}],"replies":[{"embeddable":true,"href":"https:\/\/banulbotosanean.ro\/index.php\/wp-json\/wp\/v2\/comments?post=21560"}],"version-history":[{"count":1,"href":"https:\/\/banulbotosanean.ro\/index.php\/wp-json\/wp\/v2\/posts\/21560\/revisions"}],"predecessor-version":[{"id":21561,"href":"https:\/\/banulbotosanean.ro\/index.php\/wp-json\/wp\/v2\/posts\/21560\/revisions\/21561"}],"wp:featuredmedia":[{"embeddable":true,"href":"https:\/\/banulbotosanean.ro\/index.php\/wp-json\/wp\/v2\/media\/5523"}],"wp:attachment":[{"href":"https:\/\/banulbotosanean.ro\/index.php\/wp-json\/wp\/v2\/media?parent=21560"}],"wp:term":[{"taxonomy":"category","embeddable":true,"href":"https:\/\/banulbotosanean.ro\/index.php\/wp-json\/wp\/v2\/categories?post=21560"},{"taxonomy":"post_tag","embeddable":true,"href":"https:\/\/banulbotosanean.ro\/index.php\/wp-json\/wp\/v2\/tags?post=21560"}],"curies":[{"name":"wp","href":"https:\/\/api.w.org\/{rel}","templated":true}]}}