{"id":21556,"date":"2026-09-03T20:02:45","date_gmt":"2026-09-03T18:02:45","guid":{"rendered":"https:\/\/banulbotosanean.ro\/?p=21556"},"modified":"2026-09-03T20:03:19","modified_gmt":"2026-09-03T18:03:19","slug":"senatorul-catalin-silegeanu-isi-da-demisia-din-functiile-de-conducere-aur-un-sucevean-a-fost-desemnat-sa-coordoneze-botosaniul","status":"publish","type":"post","link":"https:\/\/banulbotosanean.ro\/index.php\/2026\/09\/03\/senatorul-catalin-silegeanu-isi-da-demisia-din-functiile-de-conducere-aur-un-sucevean-a-fost-desemnat-sa-coordoneze-botosaniul\/","title":{"rendered":"Senatorul C\u0103t\u0103lin Silegeanu \u00ee\u0219i d\u0103 demisia din func\u021biile de conducere AUR: \u201eUn sucevean a fost desemnat s\u0103 coordoneze Boto\u0219aniul\u201d"},"content":{"rendered":"<h1><span class=\"skip-quote-patch\">Senatorul C\u0103t\u0103lin Silegeanu demisioneaz\u0103 din AUR dup\u0103 numirea unui sucevean la coordonarea filialei Boto\u0219ani. \u201eUn sucevean a fost desemnat s\u0103 coordoneze jude\u021bul Boto\u0219ani. Asta \u00een condi\u021biile \u00een care noi avem foarte mul\u021bi oameni bine preg\u0103ti\u021bi\u201d<\/span><\/h1>\n<p class=\"ds-markdown-paragraph\"><strong><span class=\"\">Demisia senatorului C\u0103t\u0103lin Silegeanu din toate func\u021biile de conducere ale AUR Boto\u0219ani zguduie organiza\u021bia jude\u021bean\u0103, la doar c\u00e2teva ore dup\u0103 ce liderul partidului, George Simion, a infirmat zvonurile privind \u00eenlocuirea Ariadnei C\u00eerligeanu de la \u0219efia filialei. Silegeanu denun\u021b\u0103 numirea direct\u0103 a unui sucevean pentru coordonarea Boto\u0219aniului \u0219i acuz\u0103 lipsa alegerilor interne.<\/span><\/strong><\/p>\n<p class=\"ds-markdown-paragraph\"><span class=\"\">Declara\u021biile senatorului C\u0103t\u0103lin Silegeanu sunt tran\u0219ante \u0219i vin \u00eentr-un moment de maxim\u0103 tensiune \u00een filiala AUR Boto\u0219ani. Acesta a anun\u021bat c\u0103 demisioneaz\u0103 din func\u021biile de prim-vicepre\u0219edinte al filialei \u0219i pre\u0219edinte pe municipiu, nemul\u021bumit de modul \u00een care conducerea central\u0103 a partidului a decis s\u0103 coordoneze organiza\u021bia jude\u021bean\u0103.<\/span><\/p>\n<blockquote>\n<p class=\"ds-markdown-paragraph\"><em><span class=\"skip-quote-patch\">\u201eF\u0103r\u0103 alegeri libere locale interne la Boto\u0219ani \u0219i cu persoane desemnate direct de c\u0103tre Bucure\u0219ti. \u0218i cine crede\u021bi c\u0103 e acea persoan\u0103 desemnat\u0103? Un sucevean. Da, a\u021bi auzit bine. Un sucevean a fost desemnat de c\u0103tre conducerea AUR pentru a coordona jude\u021bul Boto\u0219ani\u201d,<\/span><\/em><span class=\"\">\u00a0a declarat C\u0103t\u0103lin Silegeanu\u00a0<\/span><span class=\"\">.<\/span><\/p>\n<\/blockquote>\n<p class=\"ds-markdown-paragraph\"><span class=\"\">Senatorul a subliniat c\u0103 exist\u0103 \u00een filiala Boto\u0219ani oameni suficient de preg\u0103ti\u021bi pentru a coordona jude\u021bul, f\u0103r\u0103 a fi nevoie de numiri din afara jude\u021bului:<\/span><\/p>\n<blockquote>\n<p class=\"ds-markdown-paragraph\"><em><span class=\"skip-quote-patch\">\u201eAsta \u00een condi\u021biile \u00een care noi \u00een filiala Boto\u0219ani avem foarte mul\u021bi oameni bine preg\u0103ti\u021bi, integri \u0219i care \u00ee\u0219i iubesc cu adev\u0103rat Boto\u0219ani.\u201d<\/span><\/em><\/p>\n<\/blockquote>\n<p class=\"ds-markdown-paragraph\"><span class=\"\">Silegeanu a precizat c\u0103 a luat decizia de a demisiona ca urmare a acestei numiri:<\/span><\/p>\n<blockquote>\n<p class=\"ds-markdown-paragraph\"><em><span class=\"skip-quote-patch\">\u201eDup\u0103 aceast\u0103 desemnare, am luat decizia de a demisiona din func\u021biile de\u021binute local \u00een partid, adic\u0103 cea de prim-vicepre\u0219edinte AUR \u0219i pre\u0219edinte pe municipiu. Dumnezeu s\u0103 ajute \u0219i s\u0103 ne limpezeasc\u0103 min\u021bile \u0219i s\u0103 g\u00e2ndim de 100 de ori \u00eenainte s\u0103 lu\u0103m o decizie.\u201d<\/span><\/em><\/p>\n<\/blockquote>\n<p class=\"ds-markdown-paragraph\"><span class=\"\">Numirea unui coordonator din afara jude\u021bului vine dup\u0103 ce, mai devreme \u00een aceea\u0219i zi, George Simion a infirmat zvonurile privind \u00eenlocuirea Ariadnei C\u00eerligeanu de la \u0219efia filialei. Liderul AUR a declarat atunci c\u0103 aceasta r\u0103m\u00e2ne coordonator, iar deputatul sucevean Petru Negrea vine s\u0103 sprijine activitatea filialelor din Nord-Est.<\/span><\/p>\n<p class=\"ds-markdown-paragraph\"><span class=\"\">Declara\u021biile lui Silegeanu contrazic \u00eens\u0103 aceast\u0103 versiune, suger\u00e2nd c\u0103 Negrea are un rol de coordonare direct\u0103 asupra jude\u021bului Boto\u0219ani, ceea ce a determinat reac\u021bia senatorului boto\u0219\u0103nean.<\/span><\/p>\n<p class=\"ds-markdown-paragraph\"><span class=\"\">C\u0103t\u0103lin Silegeanu este senator AUR de Boto\u0219ani, ales \u00een legislatura 2024-2028, \u0219i un cunoscut sus\u021bin\u0103tor al valorilor conservatoare. P\u00e2n\u0103 la demisie, acesta a de\u021binut func\u021bia de prim-vicepre\u0219edinte al AUR Boto\u0219ani\u00a0<\/span><span class=\"\">.<\/span><\/p>\n<h2><span class=\"\">Ce urmeaz\u0103 \u00een AUR Boto\u0219ani?<\/span><\/h2>\n<p class=\"ds-markdown-paragraph\"><span class=\"\">Demisia lui Silegeanu sl\u0103be\u0219te organiza\u021bia AUR Boto\u0219ani \u00eentr-un moment \u00een care partidul \u00ee\u0219i propune s\u0103 devin\u0103 prima for\u021b\u0103 politic\u0103 din regiunea Nord-Est. Absen\u021ba unui lider cu experien\u021b\u0103 precum Silegeanu, cunoscut pentru activitatea sa antreprenorial\u0103 de peste 19 ani, ar putea afecta coeziunea filialei \u0219i capacitatea de mobilizare pentru viitoarele confrunt\u0103ri electorale\u00a0<\/span><span class=\"\">.<\/span><\/p>\n<p class=\"ds-markdown-paragraph\"><span class=\"\">\u00cen plus, gestul senatorului poate fi interpretat ca un semnal de alarm\u0103 pentru modul \u00een care conducerea central\u0103 a AUR gestioneaz\u0103 organiza\u021biile jude\u021bene, \u00een special \u00eentr-un jude\u021b precum Boto\u0219ani, considerat strategic pentru partid.<\/span><\/p>\n<p><iframe title=\"Senatorul C\u0103t\u0103lin Silegeanu a demisionat din toate func\u021biile de conducere din AUR\" width=\"563\" height=\"1000\" src=\"https:\/\/www.youtube.com\/embed\/1a3vynQc_I4?feature=oembed\" frameborder=\"0\" allow=\"accelerometer; autoplay; clipboard-write; encrypted-media; gyroscope; picture-in-picture; web-share\" referrerpolicy=\"strict-origin-when-cross-origin\" allowfullscreen><\/iframe><\/p>\n","protected":false},"excerpt":{"rendered":"<p>Senatorul C\u0103t\u0103lin Silegeanu demisioneaz\u0103 din AUR dup\u0103 numirea unui sucevean la coordonarea filialei Boto\u0219ani. \u201eUn sucevean a fost desemnat s\u0103 coordoneze jude\u021bul Boto\u0219ani. Asta \u00een condi\u021biile \u00een care noi avem foarte mul\u021bi oameni bine preg\u0103ti\u021bi\u201d Demisia senatorului C\u0103t\u0103lin Silegeanu din toate func\u021biile de conducere ale AUR Boto\u0219ani zguduie organiza\u021bia jude\u021bean\u0103, la doar c\u00e2teva ore dup\u0103<\/p>\n","protected":false},"author":1,"featured_media":12977,"comment_status":"open","ping_status":"open","sticky":false,"template":"","format":"standard","meta":{"footnotes":""},"categories":[4,3],"tags":[12413,12399,184,1103,12410,12412,12408,12406,9423,12409,4278,9670,12411,12414],"class_list":["post-21556","post","type-post","status-publish","format-standard","has-post-thumbnail","category-stiri-botosani","category-politica","tag-alegeri-interne-aur","tag-ariadna-cirligeanu","tag-aur-botosani","tag-catalin-silegeanu","tag-coordonator-botosani","tag-criza-aur","tag-demisie-aur-botosani","tag-filiala-aur-botosani","tag-george-simion","tag-petru-negrea-aur","tag-politica-botosani","tag-senator-botosani","tag-silegeanu-demisie","tag-sucevean-coordonator-botosani"],"_links":{"self":[{"href":"https:\/\/banulbotosanean.ro\/index.php\/wp-json\/wp\/v2\/posts\/21556","targetHints":{"allow":["GET"]}}],"collection":[{"href":"https:\/\/banulbotosanean.ro\/index.php\/wp-json\/wp\/v2\/posts"}],"about":[{"href":"https:\/\/banulbotosanean.ro\/index.php\/wp-json\/wp\/v2\/types\/post"}],"author":[{"embeddable":true,"href":"https:\/\/banulbotosanean.ro\/index.php\/wp-json\/wp\/v2\/users\/1"}],"replies":[{"embeddable":true,"href":"https:\/\/banulbotosanean.ro\/index.php\/wp-json\/wp\/v2\/comments?post=21556"}],"version-history":[{"count":2,"href":"https:\/\/banulbotosanean.ro\/index.php\/wp-json\/wp\/v2\/posts\/21556\/revisions"}],"predecessor-version":[{"id":21559,"href":"https:\/\/banulbotosanean.ro\/index.php\/wp-json\/wp\/v2\/posts\/21556\/revisions\/21559"}],"wp:featuredmedia":[{"embeddable":true,"href":"https:\/\/banulbotosanean.ro\/index.php\/wp-json\/wp\/v2\/media\/12977"}],"wp:attachment":[{"href":"https:\/\/banulbotosanean.ro\/index.php\/wp-json\/wp\/v2\/media?parent=21556"}],"wp:term":[{"taxonomy":"category","embeddable":true,"href":"https:\/\/banulbotosanean.ro\/index.php\/wp-json\/wp\/v2\/categories?post=21556"},{"taxonomy":"post_tag","embeddable":true,"href":"https:\/\/banulbotosanean.ro\/index.php\/wp-json\/wp\/v2\/tags?post=21556"}],"curies":[{"name":"wp","href":"https:\/\/api.w.org\/{rel}","templated":true}]}}