{"id":21553,"date":"2026-09-03T19:26:40","date_gmt":"2026-09-03T17:26:40","guid":{"rendered":"https:\/\/banulbotosanean.ro\/?p=21553"},"modified":"2026-09-03T19:31:18","modified_gmt":"2026-09-03T17:31:18","slug":"george-simion-neaga-inlocuirea-ariadnei-cirligeanu-la-sefia-aur-botosani-ramane-coordonator","status":"publish","type":"post","link":"https:\/\/banulbotosanean.ro\/index.php\/2026\/09\/03\/george-simion-neaga-inlocuirea-ariadnei-cirligeanu-la-sefia-aur-botosani-ramane-coordonator\/","title":{"rendered":"George Simion neag\u0103 \u00eenlocuirea Ariadnei C\u00eerligeanu la \u0219efia AUR Boto\u0219ani: \u201eR\u0103m\u00e2ne coordonator\u201d"},"content":{"rendered":"<h1><span class=\"skip-quote-patch\">George Simion infirm\u0103 zvonurile \u00eenlocuirii Ariadnei C\u00eerligeanu la \u0219efia AUR Boto\u0219ani: \u201eR\u0103m\u00e2ne coordonator, pentru a ne lupta pentru primul loc pe jude\u021bele din Nord-Est\u201d<\/span><\/h1>\n<p class=\"ds-markdown-paragraph\"><strong><span class=\"\">Liderul AUR, George Simion, a dezmin\u021bit categoric informa\u021biile ap\u0103rute \u00een spa\u021biul public conform c\u0103rora Ariadna C\u00eerligeanu, cel mai t\u00e2n\u0103r parlamentar al Rom\u00e2niei, ar urma s\u0103 fie \u00eenlocuit\u0103 de la conducerea filialei AUR Boto\u0219ani. De\u0219i mai multe surse politice indicau o posibil\u0103 schimbare la v\u00e2rful organiza\u021biei, Simion a precizat c\u0103 t\u00e2n\u0103ra C\u00eerligeanu r\u0103m\u00e2ne coordonatorul jude\u021bean, iar deputatul sucevean Petru Negrea vine s\u0103 sprijine activitatea filialelor din regiune, a tuturor filialelor din Moldova.<\/span><\/strong><\/p>\n<p class=\"ds-markdown-paragraph\"><span class=\"\">Pe parcursul zilei de joi, \u00een mediile politice boto\u0219\u0103nene au ap\u0103rut zvonuri potrivit c\u0103rora Ariadna C\u00eerligeanu, actualul coordonator al AUR Boto\u0219ani, ar fi pe cale s\u0103 fie \u00eenlocuit\u0103. Sursele politice sugera c\u0103 \u00een locul s\u0103u ar urma s\u0103 fie numit deputatul Petru Negrea, ales \u00een jude\u021bul Suceava, unul dintre apropia\u021bii lui George Simion.<\/span><\/p>\n<p class=\"ds-markdown-paragraph\"><span class=\"\">Zvonurile au c\u0103p\u0103tat amploare pe fondul rela\u021biei de lung\u0103 durat\u0103 dintre C\u00eerligeanu \u0219i Simion. Cei doi activeaz\u0103 \u00eempreun\u0103 \u00eenc\u0103 din perioada \u00een care militau pentru unirea Basarabiei cu Rom\u00e2nia, \u00eenainte de \u00eenfiin\u021barea oficial\u0103 a AUR.<\/span><\/p>\n<p class=\"ds-markdown-paragraph\"><span class=\"\">C\u00eerligeanu este, la 23 de ani, cel mai t\u00e2n\u0103r parlamentar al Rom\u00e2niei, fiind aleas\u0103 \u00een legislatura 2024-2028 din partea AUR, pe colegiul uninominal nr. 2 Boto\u0219ani.<\/span><\/p>\n<h2><span class=\"\">Reac\u021bia lui George Simion<\/span><\/h2>\n<p class=\"ds-markdown-paragraph\"><span class=\"\">\u00centr-o declara\u021bie transmis\u0103 presei, liderul AUR a infirmat categoric orice schimbare la conducerea filialei Boto\u0219ani:<\/span><\/p>\n<blockquote>\n<p class=\"ds-markdown-paragraph\"><em><span class=\"skip-quote-patch\">\u201eNu este adev\u0103rat. Ariadna C\u00eerligeanu r\u0103m\u00e2ne coordonator, pentru a ne lupta pentru primul loc pe jude\u021bele din Nord-Est. Domnul deputat Petric\u0103 Negrea vine s\u0103 sprijine activitatea filialelor jude\u021bene.\u201d<\/span><\/em><\/p>\n<\/blockquote>\n<p class=\"ds-markdown-paragraph\"><span class=\"\">Simion a precizat c\u0103 Negrea va avea rolul de coordonator pe jude\u021bele din Nord-Est, f\u0103r\u0103 a de\u021bine o func\u021bie specific\u0103 \u00een cadrul organiza\u021biei boto\u0219\u0103nene.<\/span><\/p>\n<blockquote>\n<p class=\"ds-markdown-paragraph\"><em><span class=\"skip-quote-patch\">\u201eDomnul deputat Petric\u0103 Negrea vine s\u0103 sprijine activitatea filialelor jude\u021bene\u201d,<\/span><\/em><span class=\"\">\u00a0a subliniat liderul AUR.<\/span><\/p>\n<\/blockquote>\n<h2><span class=\"\">Cine este Ariadna C\u00eerligeanu<\/span><\/h2>\n<p class=\"ds-markdown-paragraph\"><span class=\"\">Ariadna C\u00eerligeanu este unul dintre cele mai cunoscute nume ale AUR la nivel na\u021bional, fiind promovat\u0103 constant de George Simion \u00eenc\u0103 de la \u00eenceputurile partidului. T\u00e2n\u0103ra parlamentar\u0103 a reu\u0219it s\u0103 ob\u021bin\u0103 un mandat de deputat \u00een urma alegerilor parlamentare din 2024, \u00een ciuda v\u00e2rstei fragede \u0219i a competi\u021biei acerbe din jude\u021bul Boto\u0219ani.<\/span><\/p>\n<p class=\"ds-markdown-paragraph\"><span class=\"\">Prezen\u021ba sa \u00een politic\u0103 este str\u00e2ns legat\u0103 de mi\u0219carea unionist\u0103, iar imaginea sa de t\u00e2n\u0103r\u0103 militant\u0103 a atras simpatia unei p\u0103r\u021bi semnificative a electoratului.<\/span><\/p>\n<p class=\"ds-markdown-paragraph\"><span class=\"\">Prin aceast\u0103 clarificare, George Simion \u00ee\u0219i reconfirm\u0103 \u00eencrederea \u00een Ariadna C\u00eerligeanu.<\/span><\/p>\n","protected":false},"excerpt":{"rendered":"<p>George Simion infirm\u0103 zvonurile \u00eenlocuirii Ariadnei C\u00eerligeanu la \u0219efia AUR Boto\u0219ani: \u201eR\u0103m\u00e2ne coordonator, pentru a ne lupta pentru primul loc pe jude\u021bele din Nord-Est\u201d Liderul AUR, George Simion, a dezmin\u021bit categoric informa\u021biile ap\u0103rute \u00een spa\u021biul public conform c\u0103rora Ariadna C\u00eerligeanu, cel mai t\u00e2n\u0103r parlamentar al Rom\u00e2niei, ar urma s\u0103 fie \u00eenlocuit\u0103 de la conducerea filialei<\/p>\n","protected":false},"author":1,"featured_media":9559,"comment_status":"open","ping_status":"open","sticky":false,"template":"","format":"standard","meta":{"footnotes":""},"categories":[4,3],"tags":[12399,1506,184,12405,12404,12406,9423,12401,12403,12400,4278,12407,12402],"class_list":["post-21553","post","type-post","status-publish","format-standard","has-post-thumbnail","category-stiri-botosani","category-politica","tag-ariadna-cirligeanu","tag-aur","tag-aur-botosani","tag-aur-nord-est","tag-cel-mai-tanar-parlamentar","tag-filiala-aur-botosani","tag-george-simion","tag-inlocuire-coordonator","tag-parlamentar-botosani","tag-petru-negrea","tag-politica-botosani","tag-simion-cirligeanu","tag-zvonuri-politice"],"_links":{"self":[{"href":"https:\/\/banulbotosanean.ro\/index.php\/wp-json\/wp\/v2\/posts\/21553","targetHints":{"allow":["GET"]}}],"collection":[{"href":"https:\/\/banulbotosanean.ro\/index.php\/wp-json\/wp\/v2\/posts"}],"about":[{"href":"https:\/\/banulbotosanean.ro\/index.php\/wp-json\/wp\/v2\/types\/post"}],"author":[{"embeddable":true,"href":"https:\/\/banulbotosanean.ro\/index.php\/wp-json\/wp\/v2\/users\/1"}],"replies":[{"embeddable":true,"href":"https:\/\/banulbotosanean.ro\/index.php\/wp-json\/wp\/v2\/comments?post=21553"}],"version-history":[{"count":2,"href":"https:\/\/banulbotosanean.ro\/index.php\/wp-json\/wp\/v2\/posts\/21553\/revisions"}],"predecessor-version":[{"id":21555,"href":"https:\/\/banulbotosanean.ro\/index.php\/wp-json\/wp\/v2\/posts\/21553\/revisions\/21555"}],"wp:featuredmedia":[{"embeddable":true,"href":"https:\/\/banulbotosanean.ro\/index.php\/wp-json\/wp\/v2\/media\/9559"}],"wp:attachment":[{"href":"https:\/\/banulbotosanean.ro\/index.php\/wp-json\/wp\/v2\/media?parent=21553"}],"wp:term":[{"taxonomy":"category","embeddable":true,"href":"https:\/\/banulbotosanean.ro\/index.php\/wp-json\/wp\/v2\/categories?post=21553"},{"taxonomy":"post_tag","embeddable":true,"href":"https:\/\/banulbotosanean.ro\/index.php\/wp-json\/wp\/v2\/tags?post=21553"}],"curies":[{"name":"wp","href":"https:\/\/api.w.org\/{rel}","templated":true}]}}