{"id":21532,"date":"2026-09-03T08:19:53","date_gmt":"2026-09-03T06:19:53","guid":{"rendered":"https:\/\/banulbotosanean.ro\/?p=21532"},"modified":"2026-09-03T08:19:53","modified_gmt":"2026-09-03T06:19:53","slug":"scantei-in-pnl-deputatul-moiseev-replica-dura-pentru-o-colega-de-partid-v-ati-baricadat-in-partid-si-nu-ati-lasat-loc-pentru-altii","status":"publish","type":"post","link":"https:\/\/banulbotosanean.ro\/index.php\/2026\/09\/03\/scantei-in-pnl-deputatul-moiseev-replica-dura-pentru-o-colega-de-partid-v-ati-baricadat-in-partid-si-nu-ati-lasat-loc-pentru-altii\/","title":{"rendered":"Sc\u00e2ntei \u00een PNL. Deputatul Moiseev, replic\u0103 dur\u0103 pentru o coleg\u0103 de partid: \u201eV-a\u021bi baricadat \u00een partid \u0219i nu a\u021bi l\u0103sat loc pentru al\u021bii\u201d"},"content":{"rendered":"<h1><span class=\"skip-quote-patch\">Alexandrin Moiseev r\u0103spunde acuza\u021biilor de \u201etraseism politic\u201d: \u201eAm ales responsabilitatea, nu func\u021bii \u0219i privilegii\u201d<\/span><\/h1>\n<p class=\"ds-markdown-paragraph\"><strong><span class=\"skip-quote-patch\">Deputatul PNL de Boto\u0219ani, Alexandrin Moiseev, a transmis un mesaj ferm dup\u0103 ce a fost acuzat de \u201etraseism politic\u201d de c\u0103tre o coleg\u0103 de partid, fost senator, care l-ar fi atacat public pentru trecerea sa prin mai multe forma\u021biuni politice&#8230; de la una singu\u0103 la PNL. Moiseev explic\u0103 motivele pentru care a ales s\u0103 vin\u0103 \u00een PNL \u00eenaintea mo\u021biunii de cenzur\u0103 \u0219i subliniaz\u0103 c\u0103 a pus interesul Rom\u00e2niei mai presus de calculele politice de moment.<\/span><\/strong><\/p>\n<p class=\"ds-markdown-paragraph\"><span class=\"skip-quote-patch\">\u00centr-o postare pe contul s\u0103u de social media, deputatul Alexandrin Moiseev a r\u0103spuns acuza\u021biilor venite din partea unei deputate PNL, fost senator, care l-ar fi criticat pentru ceea ce consider\u0103 a fi \u201etraseism politic\u201d. Mesajul este unul care aduce \u00een prim-plan at\u00e2t realit\u0103\u021bile politice interne, c\u00e2t \u0219i alegerile personale asumate.<\/span><\/p>\n<blockquote>\n<p class=\"ds-markdown-paragraph\"><em><span class=\"skip-quote-patch\">\u201eAm \u00een\u021beles c\u0103 o doamn\u0103 deputat PNL, fost senator, care aplauda c\u00e2nd am venit \u00een echipa PNL \u00eenainte de mo\u021biunea de cenzur\u0103 \u00eempotriva guvernului Bolojan, m\u0103 atac\u0103 acum pentru \u00abtraseism politic\u00bb\u201d,<\/span><\/em><span class=\"\">\u00a0a scris Moiseev.<\/span><\/p>\n<\/blockquote>\n<p class=\"ds-markdown-paragraph\"><span class=\"\">Parlamentarul boto\u0219\u0103nean nu intr\u0103 \u00een polemic\u0103 direct\u0103, ci expune ceea ce consider\u0103 a fi o realitate a sistemului politic:\u00a0<\/span><strong><span class=\"\">blocajul intern din partidele tradi\u021bionale \u0219i lipsa de \u0219anse pentru cei care nu sunt \u00een aceste structuri consacrate<\/span><\/strong><span class=\"\">.<\/span><\/p>\n<blockquote>\n<p class=\"ds-markdown-paragraph\"><em><span class=\"skip-quote-patch\">\u201eNoi, cei care am ajuns s\u0103 trecem prin diferite partide, am f\u0103cut-o \u0219i pentru c\u0103 unii dintre dumneavoastr\u0103 v-a\u021bi baricadat \u00een partid, a\u021bi ocupat toate culoarele \u0219i nu a\u021bi mai l\u0103sat loc pentru nimeni s\u0103 creasc\u0103 la umbra voastr\u0103 politic\u0103\u201d,<\/span><\/em><span class=\"\">\u00a0a ad\u0103ugat deputatul.<\/span><\/p>\n<\/blockquote>\n<h2><span class=\"\">Alegerea responsabilit\u0103\u021bii, nu a privilegiilor<\/span><\/h2>\n<p class=\"ds-markdown-paragraph\"><span class=\"\">Un aspect central al reac\u021biei lui Moiseev este momentul \u00een care a aderat la PNL. El subliniaz\u0103 c\u0103 a venit \u00een forma\u021biunea liberal\u0103\u00a0<\/span><strong><span class=\"\">\u00eenaintea mo\u021biunii de cenzur\u0103<\/span><\/strong><span class=\"\">, cunosc\u00e2nd faptul c\u0103 nu se aliniaz\u0103 la guvernare, ci la opozi\u021bie.<\/span><\/p>\n<blockquote>\n<p class=\"ds-markdown-paragraph\"><em><span class=\"skip-quote-patch\">\u201eEu am venit \u00een PNL \u00eenainte de mo\u021biunea de cenzur\u0103, \u0219tiind foarte bine c\u0103 nu vin spre guvernare, func\u021bii sau privilegii, ci spre opozi\u021bie \u0219i responsabilitate.\u201d<\/span><\/em><\/p>\n<\/blockquote>\n<p class=\"ds-markdown-paragraph\"><span class=\"\">Acest detaliu este esen\u021bial, deoarece contrasteaz\u0103 cu percep\u021bia general\u0103 conform c\u0103reia schimb\u0103rile de partid sunt f\u0103cute pentru avantaje imediate. Moiseev subliniaz\u0103 c\u0103, dimpotriv\u0103, alegerea sa a venit cu un cost politic, nu cu beneficii.<\/span><\/p>\n<p class=\"ds-markdown-paragraph\"><span class=\"\">Deputatul face \u0219i o distinc\u021bie clar\u0103 \u00eentre calea pe care a ales-o \u0219i alternativa extremist\u0103, suger\u00e2nd c\u0103 ar fi fost mai u\u0219or s\u0103 r\u0103m\u00e2n\u0103 \u00een aria populist\u0103, unde protestul \u0219i discursul radical sunt recompensate electoral.<\/span><\/p>\n<blockquote>\n<p class=\"ds-markdown-paragraph\"><em><span class=\"skip-quote-patch\">\u201eDac\u0103 eram extremist, r\u0103m\u00e2neam al\u0103turi de guru \u0219i de haita rusofil\u0103. Era mult mai simplu s\u0103 mai c\u00e2\u0219tig un mandat acolo: nu trebuie s\u0103 construie\u0219ti nimic, trebuie doar s\u0103 protestezi \u0219i s\u0103 urli prin Parlament.\u201d<\/span><\/em><\/p>\n<\/blockquote>\n<h2><span class=\"\">Interesul Rom\u00e2niei, mai presus de combina\u021biile politice<\/span><\/h2>\n<p class=\"ds-markdown-paragraph\"><span class=\"\">Moiseev explic\u0103 decizia sa de a nu vota mo\u021biunea de cenzur\u0103 ini\u021biat\u0103 de PSD \u0219i AUR, aliniindu-se astfel pozi\u021biei PNL, ca pe una fundamentat\u0103 pe interesul na\u021bional, nu pe calcule conjuncturale.<\/span><\/p>\n<blockquote>\n<p class=\"ds-markdown-paragraph\"><em><span class=\"skip-quote-patch\">\u201eAm ales s\u0103 vin \u00een PNL \u0219i s\u0103 nu votez mo\u021biunea de cenzur\u0103 ini\u021biat\u0103 de colegii dumneavoastr\u0103 PSD-i\u0219ti \u0219i AUR-i\u0219ti. Am pus interesul Rom\u00e2niei mai presus de orice combina\u021bie politic\u0103 de moment.\u201d<\/span><\/em><\/p>\n<\/blockquote>\n<p class=\"ds-markdown-paragraph\"><span class=\"\">R\u0103spunsul s\u0103u aduce \u00een discu\u021bie \u0219i un posibil conflict mai vechi, legat de un alt moment politic \u2013 votul al\u0103turi de Vestea \u0219i ruperea PNL. Moiseev \u00eei solicit\u0103 colegei de partid s\u0103 explice propriile alegeri:<\/span><\/p>\n<blockquote>\n<p class=\"ds-markdown-paragraph\"><em><span class=\"skip-quote-patch\">\u201eA\u0219a c\u0103 v\u0103 \u00eentreb, doamn\u0103 deputat: c\u00e2nd a\u021bi votat al\u0103turi de Vestea \u0219i, implicit, pentru ruperea PNL, al cui interes l-a\u021bi urmat?\u201d<\/span><\/em><\/p>\n<\/blockquote>\n<h2><span class=\"\">Defini\u021bia proprie a politicii<\/span><\/h2>\n<p class=\"ds-markdown-paragraph\"><span class=\"\">\u00cen final, deputatul boto\u0219\u0103nean \u00ee\u0219i exprim\u0103 clar defini\u021bia politicii, contrapun\u00e2nd-o atacurilor primite:<\/span><\/p>\n<blockquote>\n<p class=\"ds-markdown-paragraph\"><em><span class=\"skip-quote-patch\">\u201ePoate nu sunt un vechi liberal. Nici v\u00e2rsta nu-mi permite. Dar sunt un deputat ra\u021bional, care \u0219tie c\u0103 politica nu \u00eenseamn\u0103 s\u0103-\u021bi protejezi func\u021bia cu orice pre\u021b. Pentru mine, politica \u00eenseamn\u0103 s\u0103 alegi Rom\u00e2nia chiar \u0219i atunci c\u00e2nd alegerea asta nu \u00ee\u021bi aduce func\u021bii, privilegii sau avantaje.\u201d<\/span><\/em><\/p>\n<\/blockquote>\n<p class=\"ds-markdown-paragraph\"><span class=\"\">El \u00eencheie cu o \u00eentrebare retoric\u0103, dar relevant\u0103 pentru discursul public:<\/span><\/p>\n<blockquote>\n<p class=\"ds-markdown-paragraph\"><em><span class=\"skip-quote-patch\">\u201eIar dac\u0103 asta se nume\u0219te \u00abtraseism\u00bb, atunci s\u0103-mi explice doamna deputat ce nume\u0219te domnia sa oportunism politic.\u201d<\/span><\/em><\/p>\n<\/blockquote>\n<p class=\"ds-markdown-paragraph\"><span class=\"\">Alexandrin Moiseev este deputat de Boto\u0219ani, ales ini\u021bial din partea SOS, iar ulterior a trecut la PNL, \u00eenaintea mo\u021biunii de cenzur\u0103 \u00eempotriva guvernului condus de Ilie Bolojan. Mo\u021biunea, ini\u021biat\u0103 de PSD \u0219i AUR, nu a trecut, iar Moiseev a votat \u00eempotriva acesteia, aliniindu-se liniei PNL.<\/span><\/p>\n<p class=\"ds-markdown-paragraph\"><span class=\"\">Acuza\u021biile de traseism politic sunt frecvente \u00een politica rom\u00e2neasc\u0103, mai ales \u00een cazul parlamentarilor care schimb\u0103 partidele. Moiseev \u00eencearc\u0103 s\u0103 ofere o explica\u021bie ra\u021bional\u0103 \u0219i s\u0103 clarifice motiva\u021biile din spatele deciziei sale, apel\u00e2nd la argumente legate de responsabilitate, interes na\u021bional \u0219i maturitate politic\u0103.<\/span><\/p>\n<p>&nbsp;<\/p>\n","protected":false},"excerpt":{"rendered":"<p>Alexandrin Moiseev r\u0103spunde acuza\u021biilor de \u201etraseism politic\u201d: \u201eAm ales responsabilitatea, nu func\u021bii \u0219i privilegii\u201d Deputatul PNL de Boto\u0219ani, Alexandrin Moiseev, a transmis un mesaj ferm dup\u0103 ce a fost acuzat de \u201etraseism politic\u201d de c\u0103tre o coleg\u0103 de partid, fost senator, care l-ar fi atacat public pentru trecerea sa prin mai multe forma\u021biuni politice&#8230; de<\/p>\n","protected":false},"author":1,"featured_media":21533,"comment_status":"open","ping_status":"open","sticky":false,"template":"","format":"standard","meta":{"footnotes":""},"categories":[4,3],"tags":[2986,1506,5449,12367,7519,12371,3634,869,12368,194,12370,12366,12369],"class_list":["post-21532","post","type-post","status-publish","format-standard","has-post-thumbnail","category-stiri-botosani","category-politica","tag-alexandrin-moiseev","tag-aur","tag-deputat-botosani","tag-guvern-bolojan","tag-motiune-de-cenzura","tag-oportunitate-politica","tag-parlamentul-romaniei","tag-pnl-botosani","tag-politica-responsabila","tag-psd","tag-rupere-pnl","tag-traseism-politic","tag-vestea"],"_links":{"self":[{"href":"https:\/\/banulbotosanean.ro\/index.php\/wp-json\/wp\/v2\/posts\/21532","targetHints":{"allow":["GET"]}}],"collection":[{"href":"https:\/\/banulbotosanean.ro\/index.php\/wp-json\/wp\/v2\/posts"}],"about":[{"href":"https:\/\/banulbotosanean.ro\/index.php\/wp-json\/wp\/v2\/types\/post"}],"author":[{"embeddable":true,"href":"https:\/\/banulbotosanean.ro\/index.php\/wp-json\/wp\/v2\/users\/1"}],"replies":[{"embeddable":true,"href":"https:\/\/banulbotosanean.ro\/index.php\/wp-json\/wp\/v2\/comments?post=21532"}],"version-history":[{"count":2,"href":"https:\/\/banulbotosanean.ro\/index.php\/wp-json\/wp\/v2\/posts\/21532\/revisions"}],"predecessor-version":[{"id":21535,"href":"https:\/\/banulbotosanean.ro\/index.php\/wp-json\/wp\/v2\/posts\/21532\/revisions\/21535"}],"wp:featuredmedia":[{"embeddable":true,"href":"https:\/\/banulbotosanean.ro\/index.php\/wp-json\/wp\/v2\/media\/21533"}],"wp:attachment":[{"href":"https:\/\/banulbotosanean.ro\/index.php\/wp-json\/wp\/v2\/media?parent=21532"}],"wp:term":[{"taxonomy":"category","embeddable":true,"href":"https:\/\/banulbotosanean.ro\/index.php\/wp-json\/wp\/v2\/categories?post=21532"},{"taxonomy":"post_tag","embeddable":true,"href":"https:\/\/banulbotosanean.ro\/index.php\/wp-json\/wp\/v2\/tags?post=21532"}],"curies":[{"name":"wp","href":"https:\/\/api.w.org\/{rel}","templated":true}]}}