{"id":21515,"date":"2026-09-01T08:01:02","date_gmt":"2026-09-01T06:01:02","guid":{"rendered":"https:\/\/banulbotosanean.ro\/?p=21515"},"modified":"2026-09-01T08:01:02","modified_gmt":"2026-09-01T06:01:02","slug":"iti-tara-de-sus-vrea-acreditare-ca-furnizor-de-servicii-sociale-pentru-a-accesa-800-000-de-euro-din-fonduri-europene","status":"publish","type":"post","link":"https:\/\/banulbotosanean.ro\/index.php\/2026\/09\/01\/iti-tara-de-sus-vrea-acreditare-ca-furnizor-de-servicii-sociale-pentru-a-accesa-800-000-de-euro-din-fonduri-europene\/","title":{"rendered":"ITI \u021aara de Sus vrea acreditare ca furnizor de servicii sociale, pentru a accesa 800.000 de euro din fonduri europene"},"content":{"rendered":"<h1 dir=\"ltr\">ITI \u021aara de Sus se preg\u0103te\u0219te s\u0103 devin\u0103 furnizor de servicii sociale, pentru a accesa fonduri europene dedicate incluziunii<\/h1>\n<h2 dir=\"ltr\">De la strategie, la capacitate real\u0103 de a atrage fonduri<\/h2>\n<p dir=\"ltr\">Investi\u021biile Teritoriale Integrate (ITI) \u021aara de Sus, structura care reune\u0219te 126 de unit\u0103\u021bi administrativ-teritoriale din jude\u021bele Boto\u0219ani, Ia\u0219i \u0219i Suceava, se afl\u0103 \u00een etapa de ob\u021binere a acredit\u0103rii pentru furnizarea de servicii sociale, un pas necesar pentru ca organiza\u021bia s\u0103 poat\u0103 accesa fonduri europene dedicate incluziunii sociale, disponibile prin intermediul Grupurilor de Ac\u021biune Local\u0103 (GAL) din teritoriu.<\/p>\n<p dir=\"ltr\">Directorul ITI \u021aara de Sus, Lucian Trufin, a explicat contextul acestei decizii, subliniind c\u0103 simpla existen\u021b\u0103 a unei strategii scrise sau a unui teritoriu delimitat nu este suficient\u0103 pentru a accesa finan\u021bare european\u0103.<\/p>\n<p dir=\"ltr\"><em><strong>\u201eC\u0103 nu te duci doar cu m\u00e2na \u00eentins\u0103 la Guvernul Rom\u00e2niei \u0219i la Comisia European\u0103 \u0219i spui c\u0103 ai credite, \u00eentr-adev\u0103r, ai teritoriu, ai asocia\u021bii, ai \u0219i strategii scrise, dar mai trebuie s\u0103 faci ceva. \u0218i ast\u0103zi asta facem\u201d<\/strong><\/em>, a declarat <strong>Lucian Trufin<\/strong>.<\/p>\n<h2 dir=\"ltr\">800.000 de euro, disponibili doar pentru ONG-uri acreditate<\/h2>\n<p dir=\"ltr\">Potrivit directorului ITI, \u00een teritoriul administrat de organiza\u021bie exist\u0103 Grupuri de Ac\u021biune Local\u0103 (GAL) care au ob\u021binut o finan\u021bare distinct\u0103 prin programul dedicat incluziunii \u0219i dezvolt\u0103rii sociale \u2014 bani destina\u021bi persoanelor aflate \u00een situa\u021bii de risc social.<\/p>\n<p dir=\"ltr\"><em><strong>\u201eSunt GAL-uri care au 800.000 de euro pentru incluziune social\u0103, pentru persoane care se afl\u0103 \u00eentr-o anumit\u0103 stare de risc\u201d<\/strong><\/em>, a precizat Trufin.<\/p>\n<p dir=\"ltr\">Accesarea acestor fonduri nu este \u00eens\u0103 deschis\u0103 oric\u0103rei entit\u0103\u021bi. Conform explica\u021biilor directorului ITI, la aceast\u0103 finan\u021bare pot aplica doar organiza\u021bii neguvernamentale acreditate, care demonstreaz\u0103, \u00een acela\u0219i timp, capacitate financiar\u0103 proprie.<\/p>\n<p dir=\"ltr\"><em><strong>\u201e800.000 de euro la care pot aplica doar ONG-uri, ONG-uri care sunt acreditate \u0219i ONG-uri care au capacitate financiar\u0103\u201d<\/strong><\/em>, a subliniat Lucian Trufin.<\/p>\n<h2 dir=\"ltr\">O decizie sus\u021binut\u0103 unanim de membrii asocia\u021biei<\/h2>\n<p dir=\"ltr\">Pentru a \u00eendeplini aceste condi\u021bii, ITI \u021aara de Sus a trecut printr-un proces de modificare a propriului statut, decizie adoptat\u0103 cu sprijinul integral al membrilor organiza\u021biei. Modificarea a introdus posibilitatea oferirii de servicii sociale \u0219i a altor tipuri de servicii, dar \u0219i majorarea cotiza\u021biei membrilor c\u0103tre ITI, o condi\u021bie necesar\u0103 pentru a demonstra capacitatea financiar\u0103 cerut\u0103 la aplicarea pentru fonduri europene de acest tip.<\/p>\n<p dir=\"ltr\"><em><strong>\u201eMul\u021bumesc membrilor, consiliul director \u0219i membrilor AGA, adic\u0103 to\u021bi cei 126 care au fost de acord cu schimbarea statutului, introducerea posibilit\u0103\u021bii de a oferi servicii de tipul \u0103sta \u0219i alte servicii \u0219i a m\u0103ri cotiza\u021bia c\u0103tre ITI. Pentru c\u0103, pentru a aplica pe o finan\u021bare de genul \u0103sta, trebuie s\u0103 demonstrezi c\u0103 ai \u0219i capacitate financiar\u0103. Asta e important\u201d<\/strong><\/em>, a explicat directorul ITI \u021aara de Sus.<\/p>\n<h2 dir=\"ltr\">Rolul de &#8222;integrator de servicii&#8221; pentru 126 de UAT-uri<\/h2>\n<p dir=\"ltr\">Prin acreditarea ca furnizor de servicii sociale, ITI \u021aara de Sus \u00ee\u0219i propune s\u0103 devin\u0103 ceea ce Lucian Trufin define\u0219te drept un integrator de servicii pentru \u00eentregul teritoriu administrat, care acoper\u0103 unit\u0103\u021bi administrativ-teritoriale din trei jude\u021be: Boto\u0219ani, Ia\u0219i \u0219i Suceava.<\/p>\n<p dir=\"ltr\"><em><strong>\u201eNe preg\u0103tim s\u0103 devenim furnizori de servicii sociale, s\u0103 acoperim \u00een teritoriul ITI \u021aara de Sus (&#8230;) 126 de UAT-uri, Boto\u0219ani, Ia\u0219i \u0219i Suceava, s\u0103 devenim \u00een acest teritoriu un integrator de servicii, \u0219i \u00een primul r\u00e2nd social, c\u0103 e nevoie\u201d<\/strong><\/em>, a afirmat directorul ITI.<\/p>\n<h2 dir=\"ltr\">De ce conteaz\u0103 acest mecanism pentru ora\u0219ele \u0219i comunele din teritoriu<\/h2>\n<p dir=\"ltr\">Un aspect esen\u021bial, clarificat chiar de directorul ITI, \u021bine de motivul pentru care acest rol de integrator este necesar: de\u0219i multe prim\u0103rii, municipii \u0219i ora\u0219e \u00een special, au dezvoltat deja propriile servicii sociale, structura administrativ\u0103 a unei prim\u0103rii nu le permite accesarea tuturor tipurilor de finan\u021b\u0103ri disponibile la nivel european, dedicate special organiza\u021biilor neguvernamentale.<\/p>\n<p dir=\"ltr\"><em><strong>\u201eNu pot, c\u0103 nu-s ONG. Aici ONG-ul se poate duce, ONG-ul care reprezint\u0103, de fapt, o asociere a UAT-urilor\u201d<\/strong><\/em>, a precizat Lucian Trufin.<\/p>\n<p dir=\"ltr\">Practic, prin acreditarea ITI \u021aara de Sus ca furnizor de servicii sociale, comunit\u0103\u021bile din cele 126 de UAT-uri \u2014 comune, ora\u0219e \u0219i municipii din Boto\u0219ani, Ia\u0219i \u0219i Suceava, vor putea beneficia indirect de fonduri europene la care, \u00een mod individual, autorit\u0103\u021bile locale nu ar avea acces direct, tocmai pentru c\u0103 nu au statutul juridic de organiza\u021bie neguvernamental\u0103.<\/p>\n<p><iframe title=\"Fonduri europene atrase de ITI \u021aara de Sus cu impact social\" width=\"563\" height=\"1000\" src=\"https:\/\/www.youtube.com\/embed\/ZEFjg7i5k74?feature=oembed\" frameborder=\"0\" allow=\"accelerometer; autoplay; clipboard-write; encrypted-media; gyroscope; picture-in-picture; web-share\" referrerpolicy=\"strict-origin-when-cross-origin\" allowfullscreen><\/iframe><\/p>\n","protected":false},"excerpt":{"rendered":"<p>ITI \u021aara de Sus se preg\u0103te\u0219te s\u0103 devin\u0103 furnizor de servicii sociale, pentru a accesa fonduri europene dedicate incluziunii De la strategie, la capacitate real\u0103 de a atrage fonduri Investi\u021biile Teritoriale Integrate (ITI) \u021aara de Sus, structura care reune\u0219te 126 de unit\u0103\u021bi administrativ-teritoriale din jude\u021bele Boto\u0219ani, Ia\u0219i \u0219i Suceava, se afl\u0103 \u00een etapa de ob\u021binere<\/p>\n","protected":false},"author":1,"featured_media":21516,"comment_status":"open","ping_status":"open","sticky":false,"template":"","format":"standard","meta":{"footnotes":""},"categories":[10,4,11],"tags":[12351,12353,12350,12352,5762,5754,12354,7202,6708],"class_list":["post-21515","post","type-post","status-publish","format-standard","has-post-thumbnail","category-administratie","category-stiri-botosani","category-stiri-locale","tag-acreditare-ong-servicii-sociale","tag-dezvoltare-capacitate-administrativa","tag-fonduri-europene-incluziune-sociala","tag-grupuri-de-actiune-locala-botosani","tag-iti-tara-de-sus","tag-lucian-trufin","tag-program-incluziune-si-dezvoltare-sociala","tag-servicii-sociale-botosani","tag-uat-botosani-iasi-suceava"],"_links":{"self":[{"href":"https:\/\/banulbotosanean.ro\/index.php\/wp-json\/wp\/v2\/posts\/21515","targetHints":{"allow":["GET"]}}],"collection":[{"href":"https:\/\/banulbotosanean.ro\/index.php\/wp-json\/wp\/v2\/posts"}],"about":[{"href":"https:\/\/banulbotosanean.ro\/index.php\/wp-json\/wp\/v2\/types\/post"}],"author":[{"embeddable":true,"href":"https:\/\/banulbotosanean.ro\/index.php\/wp-json\/wp\/v2\/users\/1"}],"replies":[{"embeddable":true,"href":"https:\/\/banulbotosanean.ro\/index.php\/wp-json\/wp\/v2\/comments?post=21515"}],"version-history":[{"count":1,"href":"https:\/\/banulbotosanean.ro\/index.php\/wp-json\/wp\/v2\/posts\/21515\/revisions"}],"predecessor-version":[{"id":21518,"href":"https:\/\/banulbotosanean.ro\/index.php\/wp-json\/wp\/v2\/posts\/21515\/revisions\/21518"}],"wp:featuredmedia":[{"embeddable":true,"href":"https:\/\/banulbotosanean.ro\/index.php\/wp-json\/wp\/v2\/media\/21516"}],"wp:attachment":[{"href":"https:\/\/banulbotosanean.ro\/index.php\/wp-json\/wp\/v2\/media?parent=21515"}],"wp:term":[{"taxonomy":"category","embeddable":true,"href":"https:\/\/banulbotosanean.ro\/index.php\/wp-json\/wp\/v2\/categories?post=21515"},{"taxonomy":"post_tag","embeddable":true,"href":"https:\/\/banulbotosanean.ro\/index.php\/wp-json\/wp\/v2\/tags?post=21515"}],"curies":[{"name":"wp","href":"https:\/\/api.w.org\/{rel}","templated":true}]}}