{"id":12002,"date":"2025-03-16T08:26:04","date_gmt":"2025-03-16T06:26:04","guid":{"rendered":"https:\/\/banulbotosanean.ro\/?p=12002"},"modified":"2025-03-16T08:26:04","modified_gmt":"2025-03-16T06:26:04","slug":"video-moldova-vrea-autostrada-lotul-2-bacau-pascani-din-a7-progres-1-4-in-6-saptamani-pe-o-vreme-capricioasa","status":"publish","type":"post","link":"https:\/\/banulbotosanean.ro\/index.php\/2025\/03\/16\/video-moldova-vrea-autostrada-lotul-2-bacau-pascani-din-a7-progres-1-4-in-6-saptamani-pe-o-vreme-capricioasa\/","title":{"rendered":"VIDEO \u201dMoldova vrea autostrad\u0103\u201d: lotul 2 Bac\u0103u-Pa\u0219cani din A7, progres 1.4% \u00een 6 s\u0103pt\u0103m\u00e2ni pe o vreme capricioas\u0103"},"content":{"rendered":"<p>ONG-ul \u201dMoldova vrea autostrad\u0103\u201d public\u0103 pe pagina de Facebook cele mai multe \u0219i actualizate informa\u021bii despre stadiul lucr\u0103rilor la proiectele de autostrad\u0103, A7 \u0219i A8, din zona Moldovei \u0219i de care va beneficia \u0219i jude\u021bul Boto\u0219ani.<\/p>\n<p>Ultima postare vizeaz\u0103 lotul 2 al tronsonului Bac\u0103u-Pa\u0219cani din autostrada Moldovei, A7.<\/p>\n<p>V\u0103 red\u0103m integral postarea MVA:<\/p>\n<p>\u201dMai tineti minte cele 100 de autobasculante parcate la linie in baza UMB de la Sabaoani pe care le-am filmat si fotografiat la incursiunea noastra din luna ianuarie? Le regasim astazi in teren alocate pe intreaga lungime a celor 3 loturi dintre Bacau si Pascani, alaturi de alte utilaje ale constrcutorului (am estimat aproape 300 de utilaje in total).<\/p>\n<p>Lotul 2 Trife\u0219ti &#8211; Gheraesti, de 19 km lungime, are un stadiu fizic de realizare de 23% conform ultimei raport\u0103ri CESTRIN (+1.4% progres fata de Dronathonul 4), dar actualizarea pare a se face greu &#8211; noi am filmat aici si in 24 februarie si se lucra consistent, fara ca acest lucru sa se reliefeze si in graficele comunicate oficial (era acelasi procent din ianuarie, cand era 21.6%). Termenul contractual ramane noiembrie 2025, dar cel mai probabil acesta va fi prelungit, estimarea noastra fiind ca vom circula partial pe acest lot in acest an, focusul fiind pentru a asigura o Varianta Ocolitoare in jurul Romanului, prioritar. Exista insa inca sanse ca prin mobilizarea traditionala, UMB sa ne faca o surpriza placuta.<\/p>\n<p>Pe acest lot se construiesc 3 noduri rutiere (Cordun &#8211; Roman Vest A7xDN15D, Roman Nord A7xDJ207BxDN2, Sabaoani A7xDN2), 5 poduri \u0219i viaducte (un pod peste raul Moldova) \u0219i 50 de pode\u021be, respectiv un Centru de Intretinere si Coordonare al CNAIR. La momentul actual se lucreaza la terasamente si structuri, pe o vreme capricioasa care aduce dificultati la deplasarea utilajelor si face anevoios lucrul la legarea fierului pentru structuri de catre muncitori.<\/p>\n<p>Gasiti filmarea realizata de Stef &#8211; detinatorul canalului Stef@zboara in primul link din comentarii.<\/p>\n<p>Multumim partenerului nostru <a href=\"https:\/\/www.facebook.com\/LuxuryHybridElectricCars?__cft__[0]=AZUtyJQNS1fTrx4hMTv7VYLrY7tqO4vrpqcoyRZG0giejaSawlLbnUrRp49WvrvVfafBCH8r5ZLi7sjOM36eL2TSMIWI1pSEF4SF0P5CfpiH6Xm9vO2Dm2oI3ddA8tolN2MFsJhknAWN8oJVyka4b1IwcetzUH87afu-P5-V2oqxRsSIZrgWVm93-rW6i4iNZrU&amp;__tn__=-]K-R\" target=\"_blank\" rel=\"noopener\"><strong><b>SUV Cars Ia\u0219i<\/b><\/strong><\/a>\u00a0(<a href=\"https:\/\/www.facebook.com\/suvcars.ro?__cft__[0]=AZUtyJQNS1fTrx4hMTv7VYLrY7tqO4vrpqcoyRZG0giejaSawlLbnUrRp49WvrvVfafBCH8r5ZLi7sjOM36eL2TSMIWI1pSEF4SF0P5CfpiH6Xm9vO2Dm2oI3ddA8tolN2MFsJhknAWN8oJVyka4b1IwcetzUH87afu-P5-V2oqxRsSIZrgWVm93-rW6i4iNZrU&amp;__tn__=-]K-R\" target=\"_blank\" rel=\"noopener\"><strong><b>suvcars.ro<\/b><\/strong><\/a>), care incepand din aceasta luna motorizeaza corespunzator deplasarile noastre in teren &#8211; la acest Dronathon folosim un superb BAIC X55, 1.5 litri Turbo GDI pe benzina, 185 CP si cutie automata (link in comentarii cu detalii despre masina).\u201d<\/p>\n<p>Sursa foto: <a href=\"https:\/\/www.facebook.com\/photo?fbid=671226161923205&amp;set=a.199816642397495\" target=\"_blank\" rel=\"noopener\">Moldova vrea autostrad\u0103<\/a><\/p>\n<p><iframe title=\"YouTube video player\" src=\"https:\/\/www.youtube.com\/embed\/NJIrF6-Ug5o?si=Bhx6vPxfngtMm9TS\" width=\"560\" height=\"315\" frameborder=\"0\" allowfullscreen=\"allowfullscreen\"><\/iframe><\/p>\n","protected":false},"excerpt":{"rendered":"<p>ONG-ul \u201dMoldova vrea autostrad\u0103\u201d public\u0103 pe pagina de Facebook cele mai multe \u0219i actualizate informa\u021bii despre stadiul lucr\u0103rilor la proiectele de autostrad\u0103, A7 \u0219i A8, din zona Moldovei \u0219i de care va beneficia \u0219i jude\u021bul Boto\u0219ani. Ultima postare vizeaz\u0103 lotul 2 al tronsonului Bac\u0103u-Pa\u0219cani din autostrada Moldovei, A7. V\u0103 red\u0103m integral postarea MVA: \u201dMai tineti<\/p>\n","protected":false},"author":1,"featured_media":12003,"comment_status":"open","ping_status":"open","sticky":false,"template":"","format":"standard","meta":{"footnotes":""},"categories":[7,4],"tags":[2352,2351],"class_list":["post-12002","post","type-post","status-publish","format-standard","has-post-thumbnail","category-economic","category-stiri-botosani","tag-progres-1-4-in-6-saptamani-pe-o-vreme-capricioasa","tag-video-moldova-vrea-autostrada-lotul-2-bacau-pascani-din-a7"],"_links":{"self":[{"href":"https:\/\/banulbotosanean.ro\/index.php\/wp-json\/wp\/v2\/posts\/12002","targetHints":{"allow":["GET"]}}],"collection":[{"href":"https:\/\/banulbotosanean.ro\/index.php\/wp-json\/wp\/v2\/posts"}],"about":[{"href":"https:\/\/banulbotosanean.ro\/index.php\/wp-json\/wp\/v2\/types\/post"}],"author":[{"embeddable":true,"href":"https:\/\/banulbotosanean.ro\/index.php\/wp-json\/wp\/v2\/users\/1"}],"replies":[{"embeddable":true,"href":"https:\/\/banulbotosanean.ro\/index.php\/wp-json\/wp\/v2\/comments?post=12002"}],"version-history":[{"count":2,"href":"https:\/\/banulbotosanean.ro\/index.php\/wp-json\/wp\/v2\/posts\/12002\/revisions"}],"predecessor-version":[{"id":12005,"href":"https:\/\/banulbotosanean.ro\/index.php\/wp-json\/wp\/v2\/posts\/12002\/revisions\/12005"}],"wp:featuredmedia":[{"embeddable":true,"href":"https:\/\/banulbotosanean.ro\/index.php\/wp-json\/wp\/v2\/media\/12003"}],"wp:attachment":[{"href":"https:\/\/banulbotosanean.ro\/index.php\/wp-json\/wp\/v2\/media?parent=12002"}],"wp:term":[{"taxonomy":"category","embeddable":true,"href":"https:\/\/banulbotosanean.ro\/index.php\/wp-json\/wp\/v2\/categories?post=12002"},{"taxonomy":"post_tag","embeddable":true,"href":"https:\/\/banulbotosanean.ro\/index.php\/wp-json\/wp\/v2\/tags?post=12002"}],"curies":[{"name":"wp","href":"https:\/\/api.w.org\/{rel}","templated":true}]}}